{"id":430026,"date":"2016-09-19T16:40:53","date_gmt":"2016-09-19T21:40:53","guid":{"rendered":"https:\/\/www.futboltotal.com.mx\/?p=430026"},"modified":"2016-09-19T16:40:53","modified_gmt":"2016-09-19T21:40:53","slug":"sos-estupido-daniel-brailovsky-a-andre-marin","status":"publish","type":"post","link":"http:\/\/desarrollo.grupomedios.com\/futbol\/cambio-de-juego\/sos-estupido-daniel-brailovsky-a-andre-marin\/2016\/09","title":{"rendered":"Daniel Brailovsky exige respeto a Andr\u00e9 Mar\u00edn"},"content":{"rendered":"<p>Durante una transmisi\u00f3n de la cadena <em>Fox Sports<\/em>, tras la conclusi\u00f3n de la jornada 9, <strong>Andr\u00e9 Mar\u00edn<\/strong> realiz\u00f3 burlas hacia <strong>Daniel Brailovsky<\/strong> por el homenaje que recibi\u00f3 el Ruso en el juego entre Am\u00e9rica y Le\u00f3n, lo que molest\u00f3 severamente al ex futbolista, quien respondi\u00f3 con un \u201csos un est\u00fapido, no faltes al respeto\u201d.<\/p>\n<p>Inclusive un d\u00eda despu\u00e9s, en otra emisi\u00f3n de <em>Fox Sports<\/em>, <strong>Andr\u00e9 Mar\u00edn<\/strong> insisti\u00f3 en el tema, por lo que <strong>Daniel Brailovsky<\/strong> contest\u00f3 \u201c\u00bfvas a seguir? Podemos terminar lo de anoche&#8230;\u201d<\/p>\n<p style=\"text-align: center;\"><span style=\"color: #3366ff;\"><a style=\"color: #3366ff;\" href=\"https:\/\/www.futboltotal.com.mx\/2016\/09\/jose-ramon-fernandez-david-faitelson-se-retan-a-golpes\/\" target=\"_blank\"><strong>LEER M\u00c1S: En ESPN tambi\u00e9n se pelean<\/strong><\/a><\/span><\/p>\n<p><iframe loading=\"lazy\" src=\"https:\/\/www.youtube.com\/embed\/LdrmGjsYruM\" frameborder=\"0\" allowfullscreen=\"allowfullscreen\"><\/iframe><\/p>\n","protected":false},"excerpt":{"rendered":"<p>Comentaristas discuten durante transmisi\u00f3n<\/p>\n","protected":false},"author":20,"featured_media":430027,"comment_status":"closed","ping_status":"closed","sticky":false,"template":"","format":"standard","meta":[],"categories":[5419],"tags":[5460,1490],"_links":{"self":[{"href":"http:\/\/desarrollo.grupomedios.com\/futbol\/wp-json\/wp\/v2\/posts\/430026"}],"collection":[{"href":"http:\/\/desarrollo.grupomedios.com\/futbol\/wp-json\/wp\/v2\/posts"}],"about":[{"href":"http:\/\/desarrollo.grupomedios.com\/futbol\/wp-json\/wp\/v2\/types\/post"}],"author":[{"embeddable":true,"href":"http:\/\/desarrollo.grupomedios.com\/futbol\/wp-json\/wp\/v2\/users\/20"}],"replies":[{"embeddable":true,"href":"http:\/\/desarrollo.grupomedios.com\/futbol\/wp-json\/wp\/v2\/comments?post=430026"}],"version-history":[{"count":0,"href":"http:\/\/desarrollo.grupomedios.com\/futbol\/wp-json\/wp\/v2\/posts\/430026\/revisions"}],"wp:featuredmedia":[{"embeddable":true,"href":"http:\/\/desarrollo.grupomedios.com\/futbol\/wp-json\/wp\/v2\/media\/430027"}],"wp:attachment":[{"href":"http:\/\/desarrollo.grupomedios.com\/futbol\/wp-json\/wp\/v2\/media?parent=430026"}],"wp:term":[{"taxonomy":"category","embeddable":true,"href":"http:\/\/desarrollo.grupomedios.com\/futbol\/wp-json\/wp\/v2\/categories?post=430026"},{"taxonomy":"post_tag","embeddable":true,"href":"http:\/\/desarrollo.grupomedios.com\/futbol\/wp-json\/wp\/v2\/tags?post=430026"}],"curies":[{"name":"wp","href":"https:\/\/api.w.org\/{rel}","templated":true}]}}