{"id":430090,"date":"2016-09-20T09:15:44","date_gmt":"2016-09-20T14:15:44","guid":{"rendered":"https:\/\/www.futboltotal.com.mx\/?p=430090"},"modified":"2016-09-20T09:15:44","modified_gmt":"2016-09-20T14:15:44","slug":"zidane-se-molesta-preguntas-james","status":"publish","type":"post","link":"http:\/\/desarrollo.grupomedios.com\/futbol\/futbol-internacional\/zidane-se-molesta-preguntas-james\/2016\/09","title":{"rendered":"Zidane se molesta por preguntas sobre James"},"content":{"rendered":"<p><strong>Zinedine Zidane,<\/strong> t\u00e9cnico del <strong>Real Madrid<\/strong>, asegur\u00f3 que le &#8220;molesta&#8221; ser preguntado por el colombiano <strong>James Rodr\u00edguez<\/strong>, porque explic\u00f3 que parece que tiene &#8220;algo contra \u00e9l&#8221;, cuando extiende el mismo discurso &#8220;para todos los jugadores&#8221;.<\/p>\n<blockquote class=\"twitter-tweet\" data-lang=\"es\">\n<p dir=\"ltr\" lang=\"es\">\u26bd\u2705 <a href=\"https:\/\/twitter.com\/hashtag\/RMCity?src=hash\">#RMCity<\/a><\/p>\n<p>El Real Madrid termin\u00f3 de preparar el partido ante el <a href=\"https:\/\/twitter.com\/VillarrealCF\">@VillarrealCF<\/a> <a href=\"https:\/\/twitter.com\/hashtag\/HalaMadrid?src=hash\">#HalaMadrid<\/a> <a href=\"https:\/\/twitter.com\/hashtag\/RMLiga?src=hash\">#RMLiga<\/a> <a href=\"https:\/\/t.co\/E4feHSUTSm\">pic.twitter.com\/E4feHSUTSm<\/a><\/p>\n<p>\u2014 Real Madrid C. F. (@realmadrid) <a href=\"https:\/\/twitter.com\/realmadrid\/status\/778191545266733056\">20 de septiembre de 2016<\/a><\/p><\/blockquote>\n<p><script async src=\"\/\/platform.twitter.com\/widgets.js\" charset=\"utf-8\"><\/script><\/p>\n<p>Las preguntas en torno a la figura de <strong>James<\/strong> se repiten en cada comparecencia de <strong>Zidane<\/strong> ante los medios. Cuando era suplente por la falta de minutos, sobre su rol, y en el presente, tras marcar al Espanyol, su permanencia en el once. Provocaron una respuesta que se sale del gui\u00f3n del t\u00e9cnico franc\u00e9s.<\/p>\n<p>&#8220;Parece que siempre tengo que decir que <strong>James<\/strong> me tiene que convencer para jugar. Lo est\u00e1 haciendo bien, ha jugado el otro d\u00eda y la idea nuestra es que jueguen todos. Estoy contento por su gol y por su actuaci\u00f3n global. Lo importante es que \u00e9l siga as\u00ed de bien pero como todos los dem\u00e1s&#8221;, explic\u00f3.<\/p>\n<p style=\"text-align: center;\"><strong><span style=\"color: #3366ff;\">LEER M\u00c1S:\u00a0<a style=\"color: #3366ff;\" href=\"https:\/\/www.futboltotal.com.mx\/2016\/09\/real-madrid-va-por-record-del-barca-y-pep\/\"> Real Madrid va por r\u00e9cord del Bar\u00e7a y Pep<\/a><\/span><\/strong><\/p>\n<p>&#8220;Me molesta que me pregunten solo por James, parece que tengo algo contra \u00e9l y tengo el mismo discurso para todos los jugadores. Tienen que entrenar al cien por cien, estar bien y ganar los partidos&#8221;, a\u00f1adi\u00f3.<\/p>\n<p>Prefiere Zizou centrarse en el pr\u00f3ximo encuentro del <strong>Real Madrid<\/strong> ante un Villarreal al que elogi\u00f3. Ni siquiera quiso mirar al r\u00e9cord hist\u00f3rico que lograr\u00eda su equipo si firma una nueva victoria liguera y alcanza las 17 consecutivas.<\/p>\n<p>&#8220;Vamos a tener un partido complicado, otro m\u00e1s, en casa ante un rival muy bueno que no ha perdido. Es un buen equipo que tiene muy buenos jugadores. Como siempre hemos tenido poco tiempo para preparar el partido porque jugamos cada tres d\u00edas. Creo que ahora no es importante entrenarse, si no preparar bien los partidos&#8221;, opin\u00f3.<\/p>\n<blockquote class=\"twitter-tweet\" data-lang=\"es\">\n<p dir=\"ltr\" lang=\"es\">\u26bd\ufe0f\u2705 <a href=\"https:\/\/twitter.com\/hashtag\/RMLiga?src=hash\">#RMLiga<\/a><br \/>\nEstos son los 19 jugadores convocados para el partido frente al <a href=\"https:\/\/twitter.com\/VillarrealCF\">@VillarrealCF<\/a>.<a href=\"https:\/\/twitter.com\/hashtag\/HalaMadrid?src=hash\">#HalaMadrid<\/a> <a href=\"https:\/\/t.co\/YaxNbvmLAJ\">pic.twitter.com\/YaxNbvmLAJ<\/a><\/p>\n<p>\u2014 Real Madrid C. F. (@realmadrid) <a href=\"https:\/\/twitter.com\/realmadrid\/status\/778210598937038849\">20 de septiembre de 2016<\/a><\/p><\/blockquote>\n<p><script async src=\"\/\/platform.twitter.com\/widgets.js\" charset=\"utf-8\"><\/script><\/p>\n<p>&#8220;No hemos ganado nada, los r\u00e9cords son bonitos y lo vamos a intentar pero porque adem\u00e1s sigues sumando y es lo que queremos, entrenar jugar e intentar ganar los partidos. A\u00fan no ganamos nada, esto va a ser muy largo y dif\u00edcil y va a haber momentos en los que habr\u00e1 complicaciones. Ahora todo va bien pero eso no existe&#8221;, a\u00f1adi\u00f3.<\/p>\n<p style=\"text-align: center;\"><strong><span style=\"color: #3366ff;\">LEER M\u00c1S:\u00a0<a style=\"color: #3366ff;\" href=\"https:\/\/www.futboltotal.com.mx\/2016\/09\/el-city-se-lanza-por-un-nino-de-tres-anos\/\"> El City se lanza por\u2026 \u00a1un ni\u00f1o de tres a\u00f1os!<\/a><\/span><\/strong><\/p>\n","protected":false},"excerpt":{"rendered":"<p>asegur\u00f3 que le &#8220;molesta&#8221; ser preguntado por el colombiano James Rodr\u00edguez,<\/p>\n","protected":false},"author":20,"featured_media":422556,"comment_status":"closed","ping_status":"closed","sticky":false,"template":"","format":"standard","meta":[],"categories":[3839,3844,5951],"tags":[5988,2943],"_links":{"self":[{"href":"http:\/\/desarrollo.grupomedios.com\/futbol\/wp-json\/wp\/v2\/posts\/430090"}],"collection":[{"href":"http:\/\/desarrollo.grupomedios.com\/futbol\/wp-json\/wp\/v2\/posts"}],"about":[{"href":"http:\/\/desarrollo.grupomedios.com\/futbol\/wp-json\/wp\/v2\/types\/post"}],"author":[{"embeddable":true,"href":"http:\/\/desarrollo.grupomedios.com\/futbol\/wp-json\/wp\/v2\/users\/20"}],"replies":[{"embeddable":true,"href":"http:\/\/desarrollo.grupomedios.com\/futbol\/wp-json\/wp\/v2\/comments?post=430090"}],"version-history":[{"count":0,"href":"http:\/\/desarrollo.grupomedios.com\/futbol\/wp-json\/wp\/v2\/posts\/430090\/revisions"}],"wp:featuredmedia":[{"embeddable":true,"href":"http:\/\/desarrollo.grupomedios.com\/futbol\/wp-json\/wp\/v2\/media\/422556"}],"wp:attachment":[{"href":"http:\/\/desarrollo.grupomedios.com\/futbol\/wp-json\/wp\/v2\/media?parent=430090"}],"wp:term":[{"taxonomy":"category","embeddable":true,"href":"http:\/\/desarrollo.grupomedios.com\/futbol\/wp-json\/wp\/v2\/categories?post=430090"},{"taxonomy":"post_tag","embeddable":true,"href":"http:\/\/desarrollo.grupomedios.com\/futbol\/wp-json\/wp\/v2\/tags?post=430090"}],"curies":[{"name":"wp","href":"https:\/\/api.w.org\/{rel}","templated":true}]}}