{"id":430095,"date":"2016-09-20T09:21:48","date_gmt":"2016-09-20T14:21:48","guid":{"rendered":"https:\/\/www.futboltotal.com.mx\/?p=430095"},"modified":"2016-09-20T09:23:16","modified_gmt":"2016-09-20T14:23:16","slug":"ronaldinho-ficha-con-club-de-monterrey","status":"publish","type":"post","link":"http:\/\/desarrollo.grupomedios.com\/futbol\/videos\/ronaldinho-ficha-con-club-de-monterrey\/2016\/09","title":{"rendered":"Ronaldinho &#8216;ficha&#8217; con club de Monterrey"},"content":{"rendered":"<p>El ex futbolista brasile\u00f1o, <strong>Ronaldinho<\/strong>, regresar\u00e1 a M\u00e9xico para jugar con un equipo de Tercera Divisi\u00f3n, se trata del club <strong>Cinco Estrellas<\/strong>, con el que disputar\u00e1 s\u00f3lo un encuentro, el pr\u00f3ximo 3 de diciembre. El encuentro que tendr\u00e1 lugar en Monterrey, ser\u00e1 uno de los \u00faltimos juegos de<em> Dinho<\/em>, antes de dejar definitivamente las canchas.<\/p>\n<p>El <strong>Cinco Estrellas<\/strong> revel\u00f3 la buena nueva a trav\u00e9s de un video que comparti\u00f3 en su cuenta de Facebook, donde el mismo <strong>Ronaldinho<\/strong>, comparte la noticia:<\/p>\n<p style=\"text-align: center;\"><span style=\"color: #3366ff;\"><a style=\"color: #3366ff;\" href=\"https:\/\/www.futboltotal.com.mx\/2016\/09\/carlos-valderrama-tunde-a-juan-carlos-osorio\/\" target=\"_blank\"><strong>LEER M\u00c1S: Pibe Valderrama tunde a Juan Carlos Osorio<\/strong><\/a><\/span><\/p>\n<p><iframe loading=\"lazy\" style=\"border: none; overflow: hidden;\" src=\"https:\/\/www.facebook.com\/plugins\/video.php?href=https%3A%2F%2Fwww.facebook.com%2Fcincoestrellasclubdeportivoac%2Fvideos%2F954805287963076%2F&amp;show_text=0&amp;width=560\" frameborder=\"0\" scrolling=\"no\" allowfullscreen=\"allowfullscreen\"><\/iframe><\/p>\n","protected":false},"excerpt":{"rendered":"<p>Previo a su retiro, el brasile\u00f1o jugar\u00e1 en tierras regiomontanas<\/p>\n","protected":false},"author":20,"featured_media":430098,"comment_status":"closed","ping_status":"closed","sticky":false,"template":"","format":"standard","meta":[],"categories":[2198,4,6433],"tags":[5997],"_links":{"self":[{"href":"http:\/\/desarrollo.grupomedios.com\/futbol\/wp-json\/wp\/v2\/posts\/430095"}],"collection":[{"href":"http:\/\/desarrollo.grupomedios.com\/futbol\/wp-json\/wp\/v2\/posts"}],"about":[{"href":"http:\/\/desarrollo.grupomedios.com\/futbol\/wp-json\/wp\/v2\/types\/post"}],"author":[{"embeddable":true,"href":"http:\/\/desarrollo.grupomedios.com\/futbol\/wp-json\/wp\/v2\/users\/20"}],"replies":[{"embeddable":true,"href":"http:\/\/desarrollo.grupomedios.com\/futbol\/wp-json\/wp\/v2\/comments?post=430095"}],"version-history":[{"count":0,"href":"http:\/\/desarrollo.grupomedios.com\/futbol\/wp-json\/wp\/v2\/posts\/430095\/revisions"}],"wp:featuredmedia":[{"embeddable":true,"href":"http:\/\/desarrollo.grupomedios.com\/futbol\/wp-json\/wp\/v2\/media\/430098"}],"wp:attachment":[{"href":"http:\/\/desarrollo.grupomedios.com\/futbol\/wp-json\/wp\/v2\/media?parent=430095"}],"wp:term":[{"taxonomy":"category","embeddable":true,"href":"http:\/\/desarrollo.grupomedios.com\/futbol\/wp-json\/wp\/v2\/categories?post=430095"},{"taxonomy":"post_tag","embeddable":true,"href":"http:\/\/desarrollo.grupomedios.com\/futbol\/wp-json\/wp\/v2\/tags?post=430095"}],"curies":[{"name":"wp","href":"https:\/\/api.w.org\/{rel}","templated":true}]}}