{"id":430097,"date":"2016-09-20T09:31:05","date_gmt":"2016-09-20T14:31:05","guid":{"rendered":"https:\/\/www.futboltotal.com.mx\/?p=430097"},"modified":"2016-09-20T09:31:05","modified_gmt":"2016-09-20T14:31:05","slug":"guardiola-exige-disculpas-para-habilitar-a-toure-manchester-city","status":"publish","type":"post","link":"http:\/\/desarrollo.grupomedios.com\/futbol\/futbol-internacional\/guardiola-exige-disculpas-para-habilitar-a-toure-manchester-city\/2016\/09","title":{"rendered":"Guardiola exige disculpas para habilitar a Tour\u00e9"},"content":{"rendered":"<p>El director t\u00e9cnico del <strong>Manchester City<\/strong>, <strong>Pep Guardiola<\/strong>, ha tomado una decisi\u00f3n sobre la situaci\u00f3n del marfile\u00f1o <strong>Yaya Tour\u00e9<\/strong>, que no ha sido tomado en cuenta para jugar con los <em>citizens<\/em> en el inicio de temporada.<\/p>\n<blockquote class=\"twitter-tweet\" data-lang=\"es\">\n<p dir=\"ltr\" lang=\"es\">En unos minutos empezar\u00e1 la rueda de prensa de Pep Guardiola previa al <a href=\"https:\/\/twitter.com\/hashtag\/swansvcity?src=hash\">#swansvcity<\/a> de la <a href=\"https:\/\/twitter.com\/EFLCup\">@EFLCup<\/a>. <a href=\"https:\/\/twitter.com\/hashtag\/MCFCEspanol?src=hash\">#MCFCEspanol<\/a><a href=\"https:\/\/t.co\/ChUHYERHm1\">pic.twitter.com\/ChUHYERHm1<\/a><\/p>\n<p>\u2014 Manchester City (@ManCityES) <a href=\"https:\/\/twitter.com\/ManCityES\/status\/778205829442961408\">20 de septiembre de 2016<\/a><\/p><\/blockquote>\n<p><script async src=\"\/\/platform.twitter.com\/widgets.js\" charset=\"utf-8\"><\/script><\/p>\n<p>Luego de que <strong>Guardiola<\/strong> lo dejara fuera de la Champions League, el agente de <strong>Yaya<\/strong> declar\u00f3 que el catal\u00e1n hab\u00eda humillado a su jugador por no registrarlo en la competencia, a lo que el t\u00e9cnico ha respondido que por esas declaraciones, el marfile\u00f1o no jugar\u00e1.<\/p>\n<blockquote><p>\u201cFue dif\u00edcil dejarlo fuera de la <strong>Champions<\/strong>, pero su agente habl\u00f3 el d\u00eda siguiente y hasta que no pida perd\u00f3n al club, <strong>Tour\u00e9 <\/strong>no volver\u00e1 a jugar con el equipo\u201d,\u00a0declar\u00f3 <strong>Guardiola<\/strong> en conferencia de prensa.<\/p><\/blockquote>\n<p>Adem\u00e1s, el ex t\u00e9cnico del Barcelona tambi\u00e9n explic\u00f3 la ausencia de <strong>Tour\u00e9<\/strong> en los entrenamientos y explic\u00f3 que \u00e9ste tiene una peque\u00f1a lesi\u00f3n.<\/p>\n<blockquote><p>\u201cEstos \u00faltimos d\u00edas <strong>Tour\u00e9 <\/strong>no entren\u00f3 porque ten\u00eda un proceso febril, pero no volver\u00e1 a los terrenos de juego hasta que rectifique su representante&#8221;, dijo\u00a0<em>Pep.<\/em><\/p><\/blockquote>\n","protected":false},"excerpt":{"rendered":"<p>&#8220;No jugar\u00e1 hasta que su agente se disculpe&#8221;, dijo Pep<\/p>\n","protected":false},"author":20,"featured_media":425109,"comment_status":"closed","ping_status":"closed","sticky":false,"template":"","format":"standard","meta":[],"categories":[3839,3846,5951],"tags":[2510,5993],"_links":{"self":[{"href":"http:\/\/desarrollo.grupomedios.com\/futbol\/wp-json\/wp\/v2\/posts\/430097"}],"collection":[{"href":"http:\/\/desarrollo.grupomedios.com\/futbol\/wp-json\/wp\/v2\/posts"}],"about":[{"href":"http:\/\/desarrollo.grupomedios.com\/futbol\/wp-json\/wp\/v2\/types\/post"}],"author":[{"embeddable":true,"href":"http:\/\/desarrollo.grupomedios.com\/futbol\/wp-json\/wp\/v2\/users\/20"}],"replies":[{"embeddable":true,"href":"http:\/\/desarrollo.grupomedios.com\/futbol\/wp-json\/wp\/v2\/comments?post=430097"}],"version-history":[{"count":0,"href":"http:\/\/desarrollo.grupomedios.com\/futbol\/wp-json\/wp\/v2\/posts\/430097\/revisions"}],"wp:featuredmedia":[{"embeddable":true,"href":"http:\/\/desarrollo.grupomedios.com\/futbol\/wp-json\/wp\/v2\/media\/425109"}],"wp:attachment":[{"href":"http:\/\/desarrollo.grupomedios.com\/futbol\/wp-json\/wp\/v2\/media?parent=430097"}],"wp:term":[{"taxonomy":"category","embeddable":true,"href":"http:\/\/desarrollo.grupomedios.com\/futbol\/wp-json\/wp\/v2\/categories?post=430097"},{"taxonomy":"post_tag","embeddable":true,"href":"http:\/\/desarrollo.grupomedios.com\/futbol\/wp-json\/wp\/v2\/tags?post=430097"}],"curies":[{"name":"wp","href":"https:\/\/api.w.org\/{rel}","templated":true}]}}