{"id":430130,"date":"2016-09-20T12:05:54","date_gmt":"2016-09-20T17:05:54","guid":{"rendered":"https:\/\/www.futboltotal.com.mx\/?p=430130"},"modified":"2016-09-20T12:05:54","modified_gmt":"2016-09-20T17:05:54","slug":"yaya-toure-se-retira-de-costa-de-marfil","status":"publish","type":"post","link":"http:\/\/desarrollo.grupomedios.com\/futbol\/futbol-internacional\/yaya-toure-se-retira-de-costa-de-marfil\/2016\/09","title":{"rendered":"Yaya Tour\u00e9 se retira de Costa de Marfil"},"content":{"rendered":"<p>El futbolista marfile\u00f1o <strong>Yaya Tour\u00e9<\/strong>, del <strong>Manchester City<\/strong> ingl\u00e9s, anunci\u00f3 este martes su retirada de la selecci\u00f3n de su pa\u00eds, con la que jug\u00f3 113 partidos internacionales y anot\u00f3 19 goles.<\/p>\n<blockquote><p>&#8220;Despu\u00e9s de 14 a\u00f1os al m\u00e1s alto nivel, estoy seguro que \u00e9ste es el momento adecuado para m\u00ed. A pesar de que ya tengo 33 a\u00f1os, la intensidad de los entrenamientos y la gran cantidad de partidos no son las razones por las cuales tomo esta decisi\u00f3n. El f\u00fatbol lo es todo para m\u00ed y me ha dado tanto en mi carrera que ya no me siento capaz de marcarme nuevas metas personales como jugador de <em>Los elefantes<\/em>\u00a0de <strong>Costa de Marfil<\/strong>&#8220;, explic\u00f3 el jugador en un comunicado oficial.<\/p><\/blockquote>\n<p>El cuatro veces ganador del premio &#8216;Futbolista africano del a\u00f1o&#8217;, que concede la Confederaci\u00f3n Africana de F\u00fatbol, a\u00f1adi\u00f3 que quer\u00eda &#8220;anunciar solemnemente&#8221; su decisi\u00f3n de parar y que, aunque ha ganado &#8220;varios t\u00edtulos internacionales de clubes, ligas y copas&#8221;, incluyendo &#8220;la prestigiosa Liga de Campeones&#8221; con el Barcelona en el 2009, con <strong>Costa de Marfil<\/strong> ha sido &#8220;incluso m\u00e1s especial&#8221;.<\/p>\n<p style=\"text-align: center;\"><strong><span style=\"color: #3366ff;\">LEER M\u00c1S:\u00a0<a style=\"color: #3366ff;\" href=\"https:\/\/www.futboltotal.com.mx\/2016\/09\/guardiola-exige-disculpas-para-habilitar-a-toure-manchester-city\/\"> Guardiola exige disculpas para habilitar a Tour\u00e9<\/a><\/span><\/strong><\/p>\n<p>En ese sentido, <strong>Tour\u00e9<\/strong> destac\u00f3 las ense\u00f1anzas que tuvo con su selecci\u00f3n: &#8220;Aprend\u00ed a ganar para mi pa\u00eds. Por eso siempre tendr\u00e9 el orgullo de haber conseguido cuatro Balones de Oro de \u00c1frica para <strong>Costa de Marfil<\/strong>&#8220;.<\/p>\n<p><strong>Yaya Tour\u00e9,<\/strong> que inici\u00f3 su carrera profesional en el club marfile\u00f1o ASEC Mimosas, ha jugado con equipos como el Olympiacos (Grecia), M\u00f3naco (Francia), Barcelona (Espa\u00f1a) y actualmente es parte de la plantilla del Manchester City ingl\u00e9s, equipo dirigido por el espa\u00f1ol Josep Guardiola y que ya entren\u00f3 al marfile\u00f1o en el club catal\u00e1n. EFE<\/p>\n","protected":false},"excerpt":{"rendered":"<p>Yaya Tour\u00e9 jug\u00f3 113 partidos internacionales y anot\u00f3 19 goles.<\/p>\n","protected":false},"author":20,"featured_media":430134,"comment_status":"closed","ping_status":"closed","sticky":false,"template":"","format":"standard","meta":[],"categories":[3839,5951],"tags":[6068],"_links":{"self":[{"href":"http:\/\/desarrollo.grupomedios.com\/futbol\/wp-json\/wp\/v2\/posts\/430130"}],"collection":[{"href":"http:\/\/desarrollo.grupomedios.com\/futbol\/wp-json\/wp\/v2\/posts"}],"about":[{"href":"http:\/\/desarrollo.grupomedios.com\/futbol\/wp-json\/wp\/v2\/types\/post"}],"author":[{"embeddable":true,"href":"http:\/\/desarrollo.grupomedios.com\/futbol\/wp-json\/wp\/v2\/users\/20"}],"replies":[{"embeddable":true,"href":"http:\/\/desarrollo.grupomedios.com\/futbol\/wp-json\/wp\/v2\/comments?post=430130"}],"version-history":[{"count":0,"href":"http:\/\/desarrollo.grupomedios.com\/futbol\/wp-json\/wp\/v2\/posts\/430130\/revisions"}],"wp:featuredmedia":[{"embeddable":true,"href":"http:\/\/desarrollo.grupomedios.com\/futbol\/wp-json\/wp\/v2\/media\/430134"}],"wp:attachment":[{"href":"http:\/\/desarrollo.grupomedios.com\/futbol\/wp-json\/wp\/v2\/media?parent=430130"}],"wp:term":[{"taxonomy":"category","embeddable":true,"href":"http:\/\/desarrollo.grupomedios.com\/futbol\/wp-json\/wp\/v2\/categories?post=430130"},{"taxonomy":"post_tag","embeddable":true,"href":"http:\/\/desarrollo.grupomedios.com\/futbol\/wp-json\/wp\/v2\/tags?post=430130"}],"curies":[{"name":"wp","href":"https:\/\/api.w.org\/{rel}","templated":true}]}}