{"id":430177,"date":"2016-09-20T15:57:20","date_gmt":"2016-09-20T20:57:20","guid":{"rendered":"https:\/\/www.futboltotal.com.mx\/?p=430177"},"modified":"2016-09-20T15:59:29","modified_gmt":"2016-09-20T20:59:29","slug":"marco-fabian-luce-en-victoria-del-eintracht","status":"publish","type":"post","link":"http:\/\/desarrollo.grupomedios.com\/futbol\/destacado-home\/marco-fabian-luce-en-victoria-del-eintracht\/2016\/09","title":{"rendered":"Marco Fabi\u00e1n luce en victoria del Eintracht"},"content":{"rendered":"<p>Una asistencia en el primer gol del partido ante el Ingolstadt ha vuelto a pintar una sonrisa al mediocampista mexicano <strong>Marco Fabi\u00e1n<\/strong>, quien de nueva cuenta apareci\u00f3 en el once inicial y acab\u00f3 como uno de los protagonistas de la tercera victoria del <strong>Eintracht Frankfurt<\/strong> en la Bundesliga 2016-17.<\/p>\n<p>Tras haber marcado un gol y una asistencia frente al Leverkusen en la pasada jornada, <strong>Fabi\u00e1n\u00a0<\/strong>recibi\u00f3 su segunda titularidad del curso y demostr\u00f3 que poco a poco recupera nivel. Hoy tuvo que ver en las dos jugadas con las que el Eintracht consigui\u00f3 sellar la victoria 2-1 en su visita al Audi Sportpark.<\/p>\n<p style=\"text-align: center;\"><span style=\"color: #3366ff;\"><strong>LEER MAS: Todas las noticias de mexicanos en Europa<\/strong><\/span><\/p>\n<blockquote class=\"twitter-tweet\" data-lang=\"es\">\n<p dir=\"ltr\" lang=\"es\">\u00a1Incre\u00edble <a href=\"https:\/\/twitter.com\/MarcoFabian_10\">@MarcoFabian_10<\/a>!<\/p>\n<p>2 partidos \u2705<br \/>\n2 asistencias<br \/>\n1 gol \u26bd<\/p>\n<p>\u00bfFelices en ? <a href=\"https:\/\/twitter.com\/hashtag\/Bundesliga?src=hash\">#Bundesliga<\/a> <a href=\"https:\/\/twitter.com\/hashtag\/FCISGE?src=hash\">#FCISGE<\/a> <a href=\"https:\/\/t.co\/ptiLK7zAEw\">pic.twitter.com\/ptiLK7zAEw<\/a><\/p>\n<p>\u2014 Bundesliga Espa\u00f1ol (@Bundesliga_ES) <a href=\"https:\/\/twitter.com\/Bundesliga_ES\/status\/778315268439285761\">20 de septiembre de 2016<\/a><\/p><\/blockquote>\n<p><script async src=\"\/\/platform.twitter.com\/widgets.js\" charset=\"utf-8\"><\/script><\/p>\n<p style=\"text-align: left;\">En la agon\u00eda del primer tiempo, el mexicano cobr\u00f3 un c\u00f3rner y sac\u00f3 un trazo perfecto que remat\u00f3 con un frentazo David Abraham. Con ello el Eintracht mitig\u00f3 un amargo primer tiempo en el que hubo muy pocas ocasiones, entre ellas, un zapatazo de media distancia del mexicano que no tuvo problemas para atajar el arquero Nyland.<\/p>\n<p style=\"text-align: left;\">En la parte complementaria de nueva cuneta apareci\u00f3 <strong>Fabi\u00e1n<\/strong> para sacar un c\u00f3rner por la punta derecha. El trazo fue justo al coraz\u00f3n del \u00e1rea y lo mand\u00f3 guardar Bastian Oczipka con un zapatazo al minuto 50.<\/p>\n<p style=\"text-align: left;\">Marco se mantuvo en el campo y\u00a0tuvo un buen rendimiento. Fue el jugador que creo m\u00e1s ocasiones de gol (4) el tercero que m\u00e1s disparo tuvo al arco (2) y el quemas bal\u00f3n recupero (8). Acab\u00f3 en el banquillo, con un gui\u00f1o y una palmadita en el hombro del entrenador Nico Kovac.<\/p>\n<p style=\"text-align: left;\">Sin duda, <strong>Fabi\u00e1n<\/strong> ha enderezo un gris comienzo de temporada en el que mordi\u00f3 banca en los dos primeros \u00a0duelos de liga y otro m\u00e1s en la DFB Pokal. Con estos dos partidos, donde ha mostrado lucidez y vor\u00e1gine, seguro que tendr\u00e1 m\u00e1s minutos en el campo. En cuatro d\u00edas el Eintracht se mide al Hertha Berl\u00edn. \u00bfFabi\u00e1n volver\u00e1 a ser titular?<\/p>\n","protected":false},"excerpt":{"rendered":"<p>El 10 fue titular, dio pase de gol y fue el mejor recuperador de las \u00c1guilas<\/p>\n","protected":false},"author":20,"featured_media":430194,"comment_status":"closed","ping_status":"closed","sticky":false,"template":"","format":"standard","meta":[],"categories":[5,3839,6822,6718],"tags":[3588,131],"_links":{"self":[{"href":"http:\/\/desarrollo.grupomedios.com\/futbol\/wp-json\/wp\/v2\/posts\/430177"}],"collection":[{"href":"http:\/\/desarrollo.grupomedios.com\/futbol\/wp-json\/wp\/v2\/posts"}],"about":[{"href":"http:\/\/desarrollo.grupomedios.com\/futbol\/wp-json\/wp\/v2\/types\/post"}],"author":[{"embeddable":true,"href":"http:\/\/desarrollo.grupomedios.com\/futbol\/wp-json\/wp\/v2\/users\/20"}],"replies":[{"embeddable":true,"href":"http:\/\/desarrollo.grupomedios.com\/futbol\/wp-json\/wp\/v2\/comments?post=430177"}],"version-history":[{"count":0,"href":"http:\/\/desarrollo.grupomedios.com\/futbol\/wp-json\/wp\/v2\/posts\/430177\/revisions"}],"wp:featuredmedia":[{"embeddable":true,"href":"http:\/\/desarrollo.grupomedios.com\/futbol\/wp-json\/wp\/v2\/media\/430194"}],"wp:attachment":[{"href":"http:\/\/desarrollo.grupomedios.com\/futbol\/wp-json\/wp\/v2\/media?parent=430177"}],"wp:term":[{"taxonomy":"category","embeddable":true,"href":"http:\/\/desarrollo.grupomedios.com\/futbol\/wp-json\/wp\/v2\/categories?post=430177"},{"taxonomy":"post_tag","embeddable":true,"href":"http:\/\/desarrollo.grupomedios.com\/futbol\/wp-json\/wp\/v2\/tags?post=430177"}],"curies":[{"name":"wp","href":"https:\/\/api.w.org\/{rel}","templated":true}]}}