{"id":430201,"date":"2016-09-20T16:24:41","date_gmt":"2016-09-20T21:24:41","guid":{"rendered":"https:\/\/www.futboltotal.com.mx\/?p=430201"},"modified":"2016-09-20T16:25:20","modified_gmt":"2016-09-20T21:25:20","slug":"navas-sin-fecha-regreso-real-madrid","status":"publish","type":"post","link":"http:\/\/desarrollo.grupomedios.com\/futbol\/futbol-internacional\/navas-sin-fecha-regreso-real-madrid\/2016\/09","title":{"rendered":"Navas, sin fecha de regreso con el Real Madrid"},"content":{"rendered":"<p>La vuelta a la competici\u00f3n de <strong>Keylor Navas<\/strong> es una inc\u00f3gnita por resolver a la que no pone una fecha el t\u00e9cnico<strong> Zinedine Zidane<\/strong>, que elogia el nivel del portero costarricense en los entrenamientos, olvidada su lesi\u00f3n, pero sigue sin citarle para que vuelva a jugar con el Real Madrid.<\/p>\n<p>Despu\u00e9s de un verano con operaci\u00f3n del tend\u00f3n de aquiles y recibir a finales de agosto el visto bueno m\u00e9dico para incrementar el trabajo de entrenamientos, el regreso de <strong>Keylor Navas<\/strong> no se produce.<\/p>\n<p style=\"text-align: center;\"><span style=\"color: #3366ff;\"><strong>LEER M\u00c1S: Todas las noticias de futbol internacional\u00a0<\/strong><\/span><\/p>\n<blockquote class=\"twitter-tweet\" data-lang=\"es\">\n<p dir=\"ltr\" lang=\"es\">\u26bd\ufe0f\u2705 <a href=\"https:\/\/twitter.com\/hashtag\/RMLiga?src=hash\">#RMLiga<\/a><br \/>\nEstos son los 19 jugadores convocados para el partido frente al <a href=\"https:\/\/twitter.com\/VillarrealCF\">@VillarrealCF<\/a>.<a href=\"https:\/\/twitter.com\/hashtag\/HalaMadrid?src=hash\">#HalaMadrid<\/a> <a href=\"https:\/\/t.co\/YaxNbvmLAJ\">pic.twitter.com\/YaxNbvmLAJ<\/a><\/p>\n<p>\u2014 Real Madrid C. F. (@realmadrid) <a href=\"https:\/\/twitter.com\/realmadrid\/status\/778210598937038849\">20 de septiembre de 2016<\/a><\/p><\/blockquote>\n<p><script async src=\"\/\/platform.twitter.com\/widgets.js\" charset=\"utf-8\"><\/script><br \/>\n&#8220;La situaci\u00f3n es muy buena, la evoluci\u00f3n y lo que est\u00e1 haciendo <strong>Keylor<\/strong>, va mejorando cada d\u00eda y le falta menos. No puedo dar una fecha de cuando va a entrar en el grupo pero el entrenamiento de hoy ha sido espectacular. Lo veo muy bien, veremos en estos d\u00edas lo que va a pasar&#8221;, manifest\u00f3 en su rueda de prensa de este martes.<\/p>\n<p>Sin embargo, han pasado tres meses ya desde que se realiz\u00f3 con \u00e9xito la cirug\u00eda y se est\u00e1 retrasando su vuelta a la competici\u00f3n. &#8220;Depende de los m\u00e9dicos por supuesto, que es lo m\u00e1s importante, pero tambi\u00e9n de la sensaci\u00f3n del jugador&#8221;, a\u00f1adi\u00f3 Zidane, que se encontr\u00f3 con varias preguntas sobre la situaci\u00f3n de la porter\u00eda del Real Madrid.<\/p>\n<blockquote class=\"twitter-tweet\" data-lang=\"es\">\n<p dir=\"ltr\" lang=\"es\">\u26bd\u2705 <a href=\"https:\/\/twitter.com\/hashtag\/RMCity?src=hash\">#RMCity<\/a><\/p>\n<p>El Real Madrid termin\u00f3 de preparar el partido ante el <a href=\"https:\/\/twitter.com\/VillarrealCF\">@VillarrealCF<\/a> <a href=\"https:\/\/twitter.com\/hashtag\/HalaMadrid?src=hash\">#HalaMadrid<\/a> <a href=\"https:\/\/twitter.com\/hashtag\/RMLiga?src=hash\">#RMLiga<\/a> <a href=\"https:\/\/t.co\/E4feHSUTSm\">pic.twitter.com\/E4feHSUTSm<\/a><\/p>\n<p>\u2014 Real Madrid C. F. (@realmadrid) <a href=\"https:\/\/twitter.com\/realmadrid\/status\/778191545266733056\">20 de septiembre de 2016<\/a><\/p><\/blockquote>\n<p><script async src=\"\/\/platform.twitter.com\/widgets.js\" charset=\"utf-8\"><\/script><\/p>\n<p>&#8220;Cuando digo que veo espectacular a Keylor, es mi sensaci\u00f3n; luego el proceso, estamos en ello. No va a volver ma\u00f1ana pero puede ser el s\u00e1bado o el mi\u00e9rcoles que viene. Est\u00e1 casi a punto de estar con nosotros&#8221;, a\u00f1adi\u00f3.<\/p>\n<p>El puesto de Keylor lo est\u00e1 ocupando Kiko Casilla, con Zidane satisfecho de su rendimiento. &#8220;Es un chico que siempre quiere aprender y lo hace de Keylor. Tienen adem\u00e1s buen rollo entre los tres porteros y eso es fenomenal porque siempre ayuda a progresar&#8221;.<\/p>\n<p>&#8220;Lo que me gusta de Kiko es que no tiene miedo. Si tiene que jugar con los pies lo hace, no tiene miedo de salir de su porter\u00eda y tiene la confianza total de los jugadores y el entrenador&#8221;, sentenci\u00f3.<\/p>\n","protected":false},"excerpt":{"rendered":"<p>Zidane habla sobre la lesi\u00f3n del arquero y su vuelta a la titularidad<\/p>\n","protected":false},"author":20,"featured_media":430207,"comment_status":"closed","ping_status":"closed","sticky":false,"template":"","format":"standard","meta":[],"categories":[3839,3844,5951],"tags":[5590,5988],"_links":{"self":[{"href":"http:\/\/desarrollo.grupomedios.com\/futbol\/wp-json\/wp\/v2\/posts\/430201"}],"collection":[{"href":"http:\/\/desarrollo.grupomedios.com\/futbol\/wp-json\/wp\/v2\/posts"}],"about":[{"href":"http:\/\/desarrollo.grupomedios.com\/futbol\/wp-json\/wp\/v2\/types\/post"}],"author":[{"embeddable":true,"href":"http:\/\/desarrollo.grupomedios.com\/futbol\/wp-json\/wp\/v2\/users\/20"}],"replies":[{"embeddable":true,"href":"http:\/\/desarrollo.grupomedios.com\/futbol\/wp-json\/wp\/v2\/comments?post=430201"}],"version-history":[{"count":0,"href":"http:\/\/desarrollo.grupomedios.com\/futbol\/wp-json\/wp\/v2\/posts\/430201\/revisions"}],"wp:featuredmedia":[{"embeddable":true,"href":"http:\/\/desarrollo.grupomedios.com\/futbol\/wp-json\/wp\/v2\/media\/430207"}],"wp:attachment":[{"href":"http:\/\/desarrollo.grupomedios.com\/futbol\/wp-json\/wp\/v2\/media?parent=430201"}],"wp:term":[{"taxonomy":"category","embeddable":true,"href":"http:\/\/desarrollo.grupomedios.com\/futbol\/wp-json\/wp\/v2\/categories?post=430201"},{"taxonomy":"post_tag","embeddable":true,"href":"http:\/\/desarrollo.grupomedios.com\/futbol\/wp-json\/wp\/v2\/tags?post=430201"}],"curies":[{"name":"wp","href":"https:\/\/api.w.org\/{rel}","templated":true}]}}