{"id":430238,"date":"2016-09-20T17:53:36","date_gmt":"2016-09-20T22:53:36","guid":{"rendered":"https:\/\/www.futboltotal.com.mx\/?p=430238"},"modified":"2016-09-20T18:24:39","modified_gmt":"2016-09-20T23:24:39","slug":"nacho-ambriz-habla-tras-salida-del-america","status":"publish","type":"post","link":"http:\/\/desarrollo.grupomedios.com\/futbol\/destacado-home\/nacho-ambriz-habla-tras-salida-del-america\/2016\/09","title":{"rendered":"Nacho Ambr\u00edz habla tras su salida del Am\u00e9rica"},"content":{"rendered":"<p>La Era de <strong>Ignaci\u00f3 Ambr\u00edz<\/strong> como entrenador del <a href=\"http:\/\/futboltotal.com.mx\/equipos\/america\/\" target=\"_blank\"><strong>Am\u00e9rica <\/strong><\/a>lleg\u00f3 a su fin y si bien un gran n\u00famero de seguidores del club se alegran de la situaci\u00f3n, el estratega subray\u00f3 que se va con el t\u00edtulo de Concacaf que consigui\u00f3 en abril pasado.<\/p>\n<p>\u201cNo me voy con las manos vac\u00edas, entregu\u00e9 un t\u00edtulo de Concachampions\u201d, indic\u00f3 el timonel en entrevista con<em> ESPN<\/em>.<\/p>\n<p>Desde el torneo anterior se hizo tendencia en <em>Twitter<\/em> el hashtag #FueraAmbr\u00edz, pero el DT confes\u00f3 que algunos seguidores de las \u00c1guilas s\u00ed demostraron apoyo a su continuidad.<\/p>\n<blockquote class=\"twitter-tweet\" data-lang=\"es\">\n<p dir=\"ltr\" lang=\"es\"><a href=\"https:\/\/twitter.com\/hashtag\/Previas?src=hash\">#Previas<\/a> Te compartimos 15 <a href=\"https:\/\/twitter.com\/hashtag\/Datos%C3%81guila?src=hash\">#Datos\u00c1guila<\/a> de partidos vs <a href=\"https:\/\/twitter.com\/ClubNecaxa\">@ClubNecaxa<\/a> <a href=\"https:\/\/t.co\/v1OIJTCmUR\">https:\/\/t.co\/v1OIJTCmUR<\/a> <a href=\"https:\/\/t.co\/BRkGSNJr62\">pic.twitter.com\/BRkGSNJr62<\/a><\/p>\n<p>\u2014 Club Am\u00e9rica (@ClubAmerica) <a href=\"https:\/\/twitter.com\/ClubAmerica\/status\/778338169288884226\">20 de septiembre de 2016<\/a><\/p><\/blockquote>\n<p><script async src=\"\/\/platform.twitter.com\/widgets.js\" charset=\"utf-8\"><\/script><\/p>\n<p>\u201cNo s\u00e9 si todo el americanismo estuvo en contra m\u00eda, hay un sector que se acerc\u00f3 a m\u00ed y tuvo palabras de aliento, pero en la calle no he tenido ning\u00fan reclamo. Le agradezco a la afici\u00f3n, tuve una comida con las porras y siempre me mostraron su apoyo. No tengo la menor duda de que el equipo entregar\u00e1 buenas cuentas\u201d, a\u00f1adi\u00f3.<\/p>\n<p>Finalmente, <strong><em>Nacho <\/em>Ambr\u00edz<\/strong> desestim\u00f3 que la relaci\u00f3n con Ricardo Pel\u00e1ez sufriera fisuras, pues ambas partes saben que panoramas as\u00ed son parte del futbol.<\/p>\n<p>\u201cNormal, es gente de futbol, gente que es inquieta y pendiente de muchos detalles. Le gusta ganar, que haya buenos resultados para seguir ganando t\u00edtulos. La relaci\u00f3n sigue igual, no lo conozco de ahora, de mucho tiempo atr\u00e1s\u201d, concluy\u00f3.<\/p>\n<p><span style=\"color: #ff0000;\"><strong>VIDEO: Agenda TV | Jornada 10 del Apertura 2016<\/strong><\/span><\/p>\n<p>[video_player]https:\/\/player.vimeo.com\/external\/183358495.hd.mp4?s=33c4d964000b4bd1458edd966d88a415a520dc42&amp;profile_id=174[\/video_player]<\/p>\n","protected":false},"excerpt":{"rendered":"<p>\u201cEntregu\u00e9 el t\u00edtulo de Concachampions\u201d, subray\u00f3 <\/p>\n","protected":false},"author":20,"featured_media":430240,"comment_status":"closed","ping_status":"closed","sticky":false,"template":"","format":"standard","meta":[],"categories":[5,2198,3845],"tags":[5959,511],"_links":{"self":[{"href":"http:\/\/desarrollo.grupomedios.com\/futbol\/wp-json\/wp\/v2\/posts\/430238"}],"collection":[{"href":"http:\/\/desarrollo.grupomedios.com\/futbol\/wp-json\/wp\/v2\/posts"}],"about":[{"href":"http:\/\/desarrollo.grupomedios.com\/futbol\/wp-json\/wp\/v2\/types\/post"}],"author":[{"embeddable":true,"href":"http:\/\/desarrollo.grupomedios.com\/futbol\/wp-json\/wp\/v2\/users\/20"}],"replies":[{"embeddable":true,"href":"http:\/\/desarrollo.grupomedios.com\/futbol\/wp-json\/wp\/v2\/comments?post=430238"}],"version-history":[{"count":0,"href":"http:\/\/desarrollo.grupomedios.com\/futbol\/wp-json\/wp\/v2\/posts\/430238\/revisions"}],"wp:featuredmedia":[{"embeddable":true,"href":"http:\/\/desarrollo.grupomedios.com\/futbol\/wp-json\/wp\/v2\/media\/430240"}],"wp:attachment":[{"href":"http:\/\/desarrollo.grupomedios.com\/futbol\/wp-json\/wp\/v2\/media?parent=430238"}],"wp:term":[{"taxonomy":"category","embeddable":true,"href":"http:\/\/desarrollo.grupomedios.com\/futbol\/wp-json\/wp\/v2\/categories?post=430238"},{"taxonomy":"post_tag","embeddable":true,"href":"http:\/\/desarrollo.grupomedios.com\/futbol\/wp-json\/wp\/v2\/tags?post=430238"}],"curies":[{"name":"wp","href":"https:\/\/api.w.org\/{rel}","templated":true}]}}