{"id":430331,"date":"2016-09-20T20:56:37","date_gmt":"2016-09-21T01:56:37","guid":{"rendered":"https:\/\/www.futboltotal.com.mx\/?p=430331"},"modified":"2016-09-20T21:19:02","modified_gmt":"2016-09-21T02:19:02","slug":"resultados-liga-mx-cruz-azul-0-1-toluca","status":"publish","type":"post","link":"http:\/\/desarrollo.grupomedios.com\/futbol\/destacado-home\/resultados-liga-mx-cruz-azul-0-1-toluca\/2016\/09","title":{"rendered":"Cruz Azul vive un infierno en propia casa"},"content":{"rendered":"<p>La felicidad dur\u00f3 poco. La pesadilla sigue en <a href=\"http:\/\/futboltotal.com.mx\/equipos\/cruz-azul\/\" target=\"_blank\"><strong>Cruz Azul<\/strong><\/a> que ven\u00eda de golear a un endeble Chiapas y termin\u00f3 por perder 0-1 ante <a href=\"http:\/\/futboltotal.com.mx\/equipos\/toluca\/\" target=\"_blank\"><strong>Toluca<\/strong><\/a> en el Estadio Azul, duelo donde la afici\u00f3n exigi\u00f3 la salida de Tom\u00e1s Boy en el marco de la <strong>jornada 10 del Apertura 2016<\/strong>.<\/p>\n<p>M\u00e1s tard\u00f3 la M\u00e1quina en realizar el viaje a la Ciudad de M\u00e9xico que en retornar a la amargura, pues los Diablos Rojos aprovecharon la deficiencia defensiva y se adelantaron r\u00e1pido en el encuentro con el remate de Pablo Barrientos (16\u2019); lo \u00fanico positivo del primer tiempo para los <em>Celestes<\/em> fue que mantuvieron su arco intacto despu\u00e9s de eso.<\/p>\n<p><iframe loading=\"lazy\" src=\"https:\/\/www.youtube.com\/embed\/YFyxUJh_rh0?feature=oembed\" frameborder=\"0\" allowfullscreen><\/iframe><\/p>\n<p>Uno de los principales problemas de los <em>Cementeros<\/em> es la falta de noci\u00f3n ofensiva y la nula contundencia, factores que los condenaron a sumar una derrota m\u00e1s que los posiciona en el d\u00e9cimo puesto con 11 unidades, mientras que la escuadra <em>escarlata<\/em> subi\u00f3 al cuarto con 16 puntos.<\/p>\n<p><a href=\"https:\/\/www.futboltotal.com.mx\/wp-content\/uploads\/2016\/09\/cruz-azul-vs-toluca-resultados-liga-mx-1.jpg\"><img decoding=\"async\" loading=\"lazy\" class=\"alignnone size-full wp-image-430337\" src=\"https:\/\/www.futboltotal.com.mx\/wp-content\/uploads\/2016\/09\/cruz-azul-vs-toluca-resultados-liga-mx-1.jpg\" alt=\"Cruz Azul\" srcset=\"http:\/\/desarrollo.grupomedios.com\/futbol\/wp-content\/uploads\/2016\/09\/cruz-azul-vs-toluca-resultados-liga-mx-1.jpg 858w, http:\/\/desarrollo.grupomedios.com\/futbol\/wp-content\/uploads\/2016\/09\/cruz-azul-vs-toluca-resultados-liga-mx-1-300x151.jpg 300w, http:\/\/desarrollo.grupomedios.com\/futbol\/wp-content\/uploads\/2016\/09\/cruz-azul-vs-toluca-resultados-liga-mx-1-768x386.jpg 768w, http:\/\/desarrollo.grupomedios.com\/futbol\/wp-content\/uploads\/2016\/09\/cruz-azul-vs-toluca-resultados-liga-mx-1-340x171.jpg 340w\" sizes=\"(max-width: 858px) 100vw, 858px\" \/><\/a><\/p>\n<p>Alineaci\u00f3n <strong>Cruz Azul<\/strong>: Jos\u00e9 Coona, Juli\u00e1n Vel\u00e1zquez, Enzo Roco, Rafael Baca, Adri\u00e1n Aldrete, Julio Dom\u00ednguez, Aldo Leao (Christian Gim\u00e9nez 45\u2019), Francisco Silva, Ariel Rojas (Rosario Cota 70\u2019), Joao Rojas, Jorge Ben\u00edtez (\u00c9rick Torres 55\u2019). Tom\u00e1s Boy.<\/p>\n<p>Alineaci\u00f3n <strong>Toluca<\/strong>: Alfredo Talavera, Paulo da Silva, Osvaldo Gonzalez, \u00d3scar Rojas, Gerardo Flores, Pablo Barrientos (Sinha 69\u2019), Erbin Trejo, Antonio R\u00edos, Fernando Uribe, Ernesto Vega (Jes\u00fas M\u00e9ndez 55\u2019), Carlos Esquivel (Edy Brambila 92\u2019). DT: Hern\u00e1n Cristante.<\/p>\n","protected":false},"excerpt":{"rendered":"<p>La M\u00e1quina perdi\u00f3 0-1 frente al Toluca <\/p>\n","protected":false},"author":20,"featured_media":430333,"comment_status":"closed","ping_status":"closed","sticky":false,"template":"","format":"standard","meta":[],"categories":[5,2198,3845],"tags":[5962,5975],"_links":{"self":[{"href":"http:\/\/desarrollo.grupomedios.com\/futbol\/wp-json\/wp\/v2\/posts\/430331"}],"collection":[{"href":"http:\/\/desarrollo.grupomedios.com\/futbol\/wp-json\/wp\/v2\/posts"}],"about":[{"href":"http:\/\/desarrollo.grupomedios.com\/futbol\/wp-json\/wp\/v2\/types\/post"}],"author":[{"embeddable":true,"href":"http:\/\/desarrollo.grupomedios.com\/futbol\/wp-json\/wp\/v2\/users\/20"}],"replies":[{"embeddable":true,"href":"http:\/\/desarrollo.grupomedios.com\/futbol\/wp-json\/wp\/v2\/comments?post=430331"}],"version-history":[{"count":0,"href":"http:\/\/desarrollo.grupomedios.com\/futbol\/wp-json\/wp\/v2\/posts\/430331\/revisions"}],"wp:featuredmedia":[{"embeddable":true,"href":"http:\/\/desarrollo.grupomedios.com\/futbol\/wp-json\/wp\/v2\/media\/430333"}],"wp:attachment":[{"href":"http:\/\/desarrollo.grupomedios.com\/futbol\/wp-json\/wp\/v2\/media?parent=430331"}],"wp:term":[{"taxonomy":"category","embeddable":true,"href":"http:\/\/desarrollo.grupomedios.com\/futbol\/wp-json\/wp\/v2\/categories?post=430331"},{"taxonomy":"post_tag","embeddable":true,"href":"http:\/\/desarrollo.grupomedios.com\/futbol\/wp-json\/wp\/v2\/tags?post=430331"}],"curies":[{"name":"wp","href":"https:\/\/api.w.org\/{rel}","templated":true}]}}