{"id":430426,"date":"2016-09-21T09:25:45","date_gmt":"2016-09-21T14:25:45","guid":{"rendered":"https:\/\/www.futboltotal.com.mx\/?p=430426"},"modified":"2016-09-21T11:26:35","modified_gmt":"2016-09-21T16:26:35","slug":"cubo-torres-al-hospital-lesion","status":"publish","type":"post","link":"http:\/\/desarrollo.grupomedios.com\/futbol\/futbol-mexicano\/cubo-torres-al-hospital-lesion\/2016\/09","title":{"rendered":"Cubo Torres, fuera de cuatro a seis semanas"},"content":{"rendered":"<p>El delantero de <b>Cruz Azul<\/b>, <b>\u00c9ric <em>Cubo<\/em> Torres<\/b>, tuvo que ser trasladado a un hospital la noche de este martes, tras sufrir una lesi\u00f3n de ligamentos en el duelo ante Toluca, correspondiente a la Jornada 10 del Apertura 2016. A falta de confirmaci\u00f3n por parte de la entidad cementara, el delantero estar\u00eda fuera de cuatro a seis semanas, por lo que pr\u00e1cticamente se perder\u00eda el resto del torneo.<\/p>\n<p>En la agon\u00eda del partido, <b><em>Cubo<\/em> Torres<\/b>\u00a0se lesion\u00f3 al resbalarse en el intento por controlar una pelota. El refuerzo de la<em> M\u00e1quina<\/em> fue atendido por el cuerpo m\u00e9dico, mientras la afici\u00f3n celeste lo abucheaba enardecida por su falta de gol. Poco despu\u00e9s, el atacante fue trasladado a un hospital para ser valorado y descartar una lesi\u00f3n de gravedad.<\/p>\n<p style=\"text-align: center;\"><a href=\"https:\/\/www.futboltotal.com.mx\/2016\/09\/tomas-boy-piensa-renunciar-al-cruz-azul\/\"><span style=\"color: #3366ff;\"><b>LEER M\u00c1S: Todas las noticias de futbol mexicano<\/b><\/span><\/a><\/p>\n<p>Al t\u00e9rmino del partido, el entrenador Tom\u00e1s Boy lament\u00f3 la lesi\u00f3n de Torres:\u00a0&#8220;Hubo un poco de mala suerte, estuvo el asunto del <strong>Cubo<\/strong>\u00a0que se lastim\u00f3 y no sabemos qu\u00e9 tan fuerte fue, parece que hubo un asunto de ligamentos y tuvimos que terminar el hombre con 10 hombres&#8221;.<\/p>\n<p>El delantero ingres\u00f3 de cambio en la parte complementaria y muy poco pudo hacer en el ataque. Este d\u00eda se espera que el club emita el parte m\u00e9dico para determinar el grado de la lesi\u00f3n que padece.<\/p>\n","protected":false},"excerpt":{"rendered":"<p>El delantero de Cruz Azul se lesion\u00f3 en el duelo ante Toluca<\/p>\n","protected":false},"author":20,"featured_media":430431,"comment_status":"closed","ping_status":"closed","sticky":false,"template":"","format":"standard","meta":[],"categories":[2198,3845,5950],"tags":[],"_links":{"self":[{"href":"http:\/\/desarrollo.grupomedios.com\/futbol\/wp-json\/wp\/v2\/posts\/430426"}],"collection":[{"href":"http:\/\/desarrollo.grupomedios.com\/futbol\/wp-json\/wp\/v2\/posts"}],"about":[{"href":"http:\/\/desarrollo.grupomedios.com\/futbol\/wp-json\/wp\/v2\/types\/post"}],"author":[{"embeddable":true,"href":"http:\/\/desarrollo.grupomedios.com\/futbol\/wp-json\/wp\/v2\/users\/20"}],"replies":[{"embeddable":true,"href":"http:\/\/desarrollo.grupomedios.com\/futbol\/wp-json\/wp\/v2\/comments?post=430426"}],"version-history":[{"count":0,"href":"http:\/\/desarrollo.grupomedios.com\/futbol\/wp-json\/wp\/v2\/posts\/430426\/revisions"}],"wp:featuredmedia":[{"embeddable":true,"href":"http:\/\/desarrollo.grupomedios.com\/futbol\/wp-json\/wp\/v2\/media\/430431"}],"wp:attachment":[{"href":"http:\/\/desarrollo.grupomedios.com\/futbol\/wp-json\/wp\/v2\/media?parent=430426"}],"wp:term":[{"taxonomy":"category","embeddable":true,"href":"http:\/\/desarrollo.grupomedios.com\/futbol\/wp-json\/wp\/v2\/categories?post=430426"},{"taxonomy":"post_tag","embeddable":true,"href":"http:\/\/desarrollo.grupomedios.com\/futbol\/wp-json\/wp\/v2\/tags?post=430426"}],"curies":[{"name":"wp","href":"https:\/\/api.w.org\/{rel}","templated":true}]}}