{"id":430433,"date":"2016-09-21T10:02:20","date_gmt":"2016-09-21T15:02:20","guid":{"rendered":"https:\/\/www.futboltotal.com.mx\/?p=430433"},"modified":"2016-09-21T10:37:38","modified_gmt":"2016-09-21T15:37:38","slug":"bayern-blindara-a-robert-lewandowksi","status":"publish","type":"post","link":"http:\/\/desarrollo.grupomedios.com\/futbol\/futbol-internacional\/bayern-blindara-a-robert-lewandowksi\/2016\/09","title":{"rendered":"Bayern ofrece millonaria renovaci\u00f3n a Lewandowksi"},"content":{"rendered":"<p>El <strong>Bayern M\u00fanich<\/strong> ha puesto sobre la mesa una oferta para renovar el contrato del delantero <strong>Robert Lewandowski<\/strong> hasta 2021 que convertir\u00eda al delantero polaco en el mejor pagado del club, seg\u00fan informaciones de la revista <em>Sport Bild<\/em>.<\/p>\n<p>La remuneraci\u00f3n del polaco, seg\u00fan la revista, superar\u00eda la de Thomas M\u00fcller, que se estima en torno a 14 millones de euros al a\u00f1o.<\/p>\n<p style=\"text-align: center;\"><a href=\"https:\/\/www.futboltotal.com.mx\/futbol-mexicano\/\"><span style=\"color: #3366ff;\"><strong>LEER M\u00c1S: Todas las noticias de futbol internacional<\/strong><\/span><\/a><\/p>\n<p style=\"text-align: center;\"><a href=\"https:\/\/www.futboltotal.com.mx\/wp-content\/uploads\/2016\/08\/lewandowski.jpg\"><img decoding=\"async\" loading=\"lazy\" class=\"alignnone size-full wp-image-422608\" src=\"https:\/\/www.futboltotal.com.mx\/wp-content\/uploads\/2016\/08\/lewandowski.jpg\" alt=\"Bayern M\u00fanich arranca con goleada en debut de Ancelotti\" srcset=\"http:\/\/desarrollo.grupomedios.com\/futbol\/wp-content\/uploads\/2016\/08\/lewandowski.jpg 858w, http:\/\/desarrollo.grupomedios.com\/futbol\/wp-content\/uploads\/2016\/08\/lewandowski-300x151.jpg 300w, http:\/\/desarrollo.grupomedios.com\/futbol\/wp-content\/uploads\/2016\/08\/lewandowski-768x386.jpg 768w, http:\/\/desarrollo.grupomedios.com\/futbol\/wp-content\/uploads\/2016\/08\/lewandowski-340x171.jpg 340w\" sizes=\"(max-width: 858px) 100vw, 858px\" \/><\/a><\/p>\n<p><strong>Lewandowski<\/strong> tiene contrato hasta 2019 pero en vista del inter\u00e9s que despierta en otros clubes el Bayern parece querer renovar el contrato lo m\u00e1s pronto posible.<\/p>\n<p>A finales de la temporada anterior, los agentes de <strong>Lewandowski<\/strong> estuvieron coqueteando con un posible traspaso al Real Madrid y el propio jugador parec\u00eda abierto a ello.<\/p>\n<p>Sin embargo, la llegada de Carlo Ancelotti al banquillo b\u00e1varo parece haber causado un cambio de parecer en el polaco, toda vez que\u00a0durante las vacaciones de verano, el italiano llamo varias veces al artillero y le asegur\u00f3 que el ser\u00eda su primera opci\u00f3n en el ataque,\u00a0seg\u00fan la revista.<\/p>\n<p>Cuando surgieron rumores sobre un presunto inter\u00e9s del Bayern en el argentino Gonzalo Higua\u00edn el propio Ancelotti sali\u00f3 al paso para asegurar que para la posici\u00f3n de delantero centro le bastaba con Lewandowski.<\/p>\n","protected":false},"excerpt":{"rendered":"<p>El delantero polaco ser\u00e1 el jugador mejor pagado de la entidad<\/p>\n","protected":false},"author":20,"featured_media":430449,"comment_status":"closed","ping_status":"closed","sticky":false,"template":"","format":"standard","meta":[],"categories":[3839,6822,5951],"tags":[2056,6038],"_links":{"self":[{"href":"http:\/\/desarrollo.grupomedios.com\/futbol\/wp-json\/wp\/v2\/posts\/430433"}],"collection":[{"href":"http:\/\/desarrollo.grupomedios.com\/futbol\/wp-json\/wp\/v2\/posts"}],"about":[{"href":"http:\/\/desarrollo.grupomedios.com\/futbol\/wp-json\/wp\/v2\/types\/post"}],"author":[{"embeddable":true,"href":"http:\/\/desarrollo.grupomedios.com\/futbol\/wp-json\/wp\/v2\/users\/20"}],"replies":[{"embeddable":true,"href":"http:\/\/desarrollo.grupomedios.com\/futbol\/wp-json\/wp\/v2\/comments?post=430433"}],"version-history":[{"count":0,"href":"http:\/\/desarrollo.grupomedios.com\/futbol\/wp-json\/wp\/v2\/posts\/430433\/revisions"}],"wp:featuredmedia":[{"embeddable":true,"href":"http:\/\/desarrollo.grupomedios.com\/futbol\/wp-json\/wp\/v2\/media\/430449"}],"wp:attachment":[{"href":"http:\/\/desarrollo.grupomedios.com\/futbol\/wp-json\/wp\/v2\/media?parent=430433"}],"wp:term":[{"taxonomy":"category","embeddable":true,"href":"http:\/\/desarrollo.grupomedios.com\/futbol\/wp-json\/wp\/v2\/categories?post=430433"},{"taxonomy":"post_tag","embeddable":true,"href":"http:\/\/desarrollo.grupomedios.com\/futbol\/wp-json\/wp\/v2\/tags?post=430433"}],"curies":[{"name":"wp","href":"https:\/\/api.w.org\/{rel}","templated":true}]}}