{"id":430441,"date":"2016-09-21T10:19:16","date_gmt":"2016-09-21T15:19:16","guid":{"rendered":"https:\/\/www.futboltotal.com.mx\/?p=430441"},"modified":"2016-09-21T10:19:16","modified_gmt":"2016-09-21T15:19:16","slug":"samuel-etoo-suspendido-insinuar-racismo","status":"publish","type":"post","link":"http:\/\/desarrollo.grupomedios.com\/futbol\/futbol-internacional\/samuel-etoo-suspendido-insinuar-racismo\/2016\/09","title":{"rendered":"Samuel Eto\u00b4o es suspendido por insinuar racismo"},"content":{"rendered":"<p>El delantero internacional camerun\u00e9s <strong>Samuel Eto&#8217;o<\/strong> ha sido suspendido hasta nuevo aviso por su club, el <strong>Antalyaspor<\/strong>, de la primera divisi\u00f3n turca, despu\u00e9s de que asegurara en las redes sociales que no se le respeta por ser negro, informan hoy medios locales.<\/p>\n<p>En un sucinto comunicado, el club ha anunciado la decisi\u00f3n de apartar al jugador del equipo.<\/p>\n<blockquote><p>&#8220;Recordatorio. Quiz\u00e1s hay gente que no me respeta porque soy negro&#8221;, lleg\u00f3 a escribir el exjugador del Barcelona en su perfil de la red social Instagram.<\/p><\/blockquote>\n<p style=\"text-align: center;\"><strong><span style=\"color: #3366ff;\">LEER M\u00c1S:\u00a0<a style=\"color: #3366ff;\" href=\"https:\/\/www.futboltotal.com.mx\/2016\/09\/bayern-blinda-a-robert-lewandowksi\/\"> Bayern ofrece millonaria renovaci\u00f3n a Lewandowksi<\/a><\/span><\/strong><\/p>\n<p>Junto a una foto en la que mostraba un listado de todos los trofeos y t\u00edtulos que ha ganado, record\u00f3 que lleva 18 a\u00f1os dedicado al f\u00fatbol profesional y asegur\u00f3 que su nivel no va a bajar, informa hoy el diario Sabah.<\/p>\n<blockquote class=\"instagram-media\" style=\"background: #FFF; border: 0; border-radius: 3px; box-shadow: 0 0 1px 0 rgba(0,0,0,0.5),0 1px 10px 0 rgba(0,0,0,0.15); margin: 1px; max-width: 658px; padding: 0; width: calc(100% - 2px);\" data-instgrm-captioned=\"\" data-instgrm-version=\"7\">\n<div style=\"padding: 8px;\">\n<div style=\"background: #F8F8F8; line-height: 0; margin-top: 40px; padding: 62.4765478424% 0; text-align: center; width: 100%;\"><\/div>\n<p style=\"margin: 8px 0 0 0; padding: 0 4px;\"><a style=\"color: #000; font-family: Arial,sans-serif; font-size: 14px; font-style: normal; font-weight: normal; line-height: 17px; text-decoration: none; word-wrap: break-word;\" href=\"https:\/\/www.instagram.com\/p\/BKk6Rv1hlBz\/\" target=\"_blank\">Hat\u0131rlatma&#8230; Bilemiyorum; belkide baz\u0131lar\u0131 &#8220;siyahi&#8221; oldu\u011fum i\u00e7in sayg\u0131 duymuyorlard\u0131r. Ama ben bu oyuna gelerek bulundu\u011fum seviyeden inmeyece\u011fim. Futbolda 18. Y\u0131l\u0131m\u0131 doldurdum. Bu 18 y\u0131l boyuncada i\u015fimi herzaman sonsuz \u015fevk ve y\u00fcrekle yapt\u0131m. Kazand\u0131\u011f\u0131m b\u00fct\u00fcn bu kupalar, \u00f6d\u00fcller, ba\u015far\u0131lar bundand\u0131r. Kazanmayada devam edece\u011fim. Gerek Antalyaspor gerekse Antalyaspor&#8217;un menfaatleri i\u00e7in, asla kavga etmeyece\u011fim. \u00c7\u00fcnk\u00fc benim i\u00e7in \u00f6nemli olan tek \u015fey; formas\u0131n\u0131 ta\u015f\u0131d\u0131\u011f\u0131m Antalyaspor. Burdan kavga etmekten korktu\u011fum alg\u0131s\u0131 olu\u015fmas\u0131n. &#8220;Baz\u0131lar\u0131&#8221;, &#8220;baz\u0131lar\u0131n\u0131&#8221; ad\u0131m\u0131 kirletmek ad\u0131na yaz\u0131lar yazmak i\u00e7in sat\u0131n alm\u0131\u015f olsalarda&#8230; Sayg\u0131! Birbirimize sayg\u0131 duymal\u0131y\u0131z. Sayg\u0131 g\u00f6stermeyen, sayg\u0131 g\u00f6remez&#8230;Adrenaline<\/a><\/p>\n<p style=\"color: #c9c8cd; font-family: Arial,sans-serif; font-size: 14px; line-height: 17px; margin-bottom: 0; margin-top: 8px; overflow: hidden; padding: 8px 0 7px; text-align: center; text-overflow: ellipsis; white-space: nowrap;\">A photo posted by Samuel Eto&#8217;o (@setoo9) on <time style=\"font-family: Arial,sans-serif; font-size: 14px; line-height: 17px;\" datetime=\"2016-09-20T11:52:05+00:00\">Sep 20, 2016 at 4:52am PDT<\/time><\/p>\n<\/div>\n<\/blockquote>\n<p><script async defer src=\"\/\/platform.instagram.com\/en_US\/embeds.js\"><\/script><\/p>\n<p><strong>Eto&#8217;o<\/strong> dijo que quer\u00eda darlo todo por su actual club y ayudarle a ganar trofeos. Aunque no especific\u00f3 contra quien dirig\u00eda sus cr\u00edticas, en un comentario posterior asegur\u00f3 que no se refer\u00eda al presidente del club, Ali Safak \u00d6zt\u00fcrk.<\/p>\n<blockquote><p>&#8220;Ning\u00fan jugador est\u00e1 por encima de los intereses del Antalyaspor. Todo el mundo tiene que saber cu\u00e1l es su lugar&#8221;, manifest\u00f3 \u00d6zt\u00fcrk, seg\u00fan ese medio.<\/p><\/blockquote>\n<p>El veterano jugador de clubes como el Barcelona, el Inter de Mil\u00e1n o el Chelsea, lleg\u00f3 al equipo de Antalya el pasado junio con un contrato de 3,3 millones de euros anuales.<\/p>\n<p style=\"text-align: center;\"><strong><span style=\"color: #3366ff;\">LEER M\u00c1S:\u00a0<a style=\"color: #3366ff;\" href=\"https:\/\/www.futboltotal.com.mx\/2016\/09\/cubo-torres-al-hospital-lesion\/\"> Cubo Torres, al hospital por lesi\u00f3n<\/a><\/span><\/strong><\/p>\n<p>En la presente temporada, el Antalyaspor va pen\u00faltimo en la clasificaci\u00f3n, tras haber logrado un \u00fanico punto en cuatro partidos.<\/p>\n<p>En los \u00faltimos meses, algunos medios turcos han especulado con la posibilidad de que el Besiktas de Estambul trate de fichar a <strong>Samuel Eto\u00b4o<\/strong>. EFE<\/p>\n","protected":false},"excerpt":{"rendered":"<p> Samuel Eto&#8217;o ha sido suspendido hasta nuevo aviso por su club, el Antalyaspor<\/p>\n","protected":false},"author":20,"featured_media":430445,"comment_status":"closed","ping_status":"closed","sticky":false,"template":"","format":"standard","meta":[],"categories":[3839,5951],"tags":[5354],"_links":{"self":[{"href":"http:\/\/desarrollo.grupomedios.com\/futbol\/wp-json\/wp\/v2\/posts\/430441"}],"collection":[{"href":"http:\/\/desarrollo.grupomedios.com\/futbol\/wp-json\/wp\/v2\/posts"}],"about":[{"href":"http:\/\/desarrollo.grupomedios.com\/futbol\/wp-json\/wp\/v2\/types\/post"}],"author":[{"embeddable":true,"href":"http:\/\/desarrollo.grupomedios.com\/futbol\/wp-json\/wp\/v2\/users\/20"}],"replies":[{"embeddable":true,"href":"http:\/\/desarrollo.grupomedios.com\/futbol\/wp-json\/wp\/v2\/comments?post=430441"}],"version-history":[{"count":0,"href":"http:\/\/desarrollo.grupomedios.com\/futbol\/wp-json\/wp\/v2\/posts\/430441\/revisions"}],"wp:featuredmedia":[{"embeddable":true,"href":"http:\/\/desarrollo.grupomedios.com\/futbol\/wp-json\/wp\/v2\/media\/430445"}],"wp:attachment":[{"href":"http:\/\/desarrollo.grupomedios.com\/futbol\/wp-json\/wp\/v2\/media?parent=430441"}],"wp:term":[{"taxonomy":"category","embeddable":true,"href":"http:\/\/desarrollo.grupomedios.com\/futbol\/wp-json\/wp\/v2\/categories?post=430441"},{"taxonomy":"post_tag","embeddable":true,"href":"http:\/\/desarrollo.grupomedios.com\/futbol\/wp-json\/wp\/v2\/tags?post=430441"}],"curies":[{"name":"wp","href":"https:\/\/api.w.org\/{rel}","templated":true}]}}