{"id":430462,"date":"2016-09-21T12:38:49","date_gmt":"2016-09-21T17:38:49","guid":{"rendered":"https:\/\/www.futboltotal.com.mx\/?p=430462"},"modified":"2016-09-21T12:38:49","modified_gmt":"2016-09-21T17:38:49","slug":"pep-visorea-al-primer-fichaje-invernal-del-city","status":"publish","type":"post","link":"http:\/\/desarrollo.grupomedios.com\/futbol\/futbol-internacional\/pep-visorea-al-primer-fichaje-invernal-del-city\/2016\/09","title":{"rendered":"Pep visorea al primer fichaje invernal del City"},"content":{"rendered":"<p>Despu\u00e9s de haber consumado la victoria 4-0 frente al Bournemouth, el entrenador del <strong>Manchester City<\/strong>, <strong>Josep Guardiola<\/strong>, realiz\u00f3 un viaje expr\u00e9s a <strong>Portugal<\/strong> para acudir al partido entre Benfica y Braga con el firme objetivo de observar al canterano del FC Barcelona, Alejandro Grimaldo, uno de los futuribles fichajes de los <em>Citizens\u00a0<\/em>en el pr\u00f3ximo mercado invernal.<\/p>\n<p><strong>Guardiola<\/strong> fue captado el lunes pasado en el Estadio da Luz desde una de las gradas del cotejo y, seg\u00fan revela la prensa de Portugal, pr\u00e1cticamente sigui\u00f3 con lupa el desempe\u00f1o del lateral izquierdo, de 21 a\u00f1os, a quien conoce desde su etapa en Barcelona, cuando este era parte del equipo filial y ocasionalmente participaba en entrenamientos con el primer equipo, que por entonces dirig\u00eda el Santpedor.<\/p>\n<p style=\"text-align: center;\"><a href=\"https:\/\/www.futboltotal.com.mx\/futbol-internacional\/\"><span style=\"color: #3366ff;\"><strong>LEER M\u00c1S:Todas las noticias de futbol internacional<\/strong><\/span><\/a><\/p>\n<p style=\"text-align: center;\"><a href=\"https:\/\/www.futboltotal.com.mx\/wp-content\/uploads\/2016\/09\/Guardiola-Grimaldo.jpg\"><img decoding=\"async\" loading=\"lazy\" class=\"alignnone size-full wp-image-430466\" src=\"https:\/\/www.futboltotal.com.mx\/wp-content\/uploads\/2016\/09\/Guardiola-Grimaldo.jpg\" alt=\"guardiola-grimaldo\" srcset=\"http:\/\/desarrollo.grupomedios.com\/futbol\/wp-content\/uploads\/2016\/09\/Guardiola-Grimaldo.jpg 750w, http:\/\/desarrollo.grupomedios.com\/futbol\/wp-content\/uploads\/2016\/09\/Guardiola-Grimaldo-248x300.jpg 248w\" sizes=\"(max-width: 750px) 100vw, 750px\" \/><\/a><\/p>\n<p style=\"text-align: left;\">De acuerdo con el diario luso <em>r\u00e9cord, <\/em>aunque <strong>Guardiola<\/strong> tiene cubierta la demarcaci\u00f3n con Alexander Kolarov y Gael Clichy, la incorporaci\u00f3n del lateral es una de las prioridades para el timonel. Ficharlo implicar\u00eda de nueva cuenta una fuerte inversi\u00f3n para los <em>Citizens, <\/em>toda<em>\u00a0<\/em>vez que<em>\u00a0<\/em>tiene contrato hasta 2017 con el Benfica y su cl\u00e1usula de rescisi\u00f3n est\u00e1 cifrada en 60 millones de euros.<\/p>\n<p style=\"text-align: left;\"><b>Grimaldo, <\/b>quien\u00a0fue capit\u00e1n del Bar\u00e7a B,<b>\u00a0<\/b>lleg\u00f3 al Benfica en el mercado invernal de la temporada 2015-16 por solo 1.5 MDE, tras declinar una cesi\u00f3n en el Levante. Con las <em>\u00c1guilas <\/em>tuvo un complicado cierre de temporada en el que apenas fue titular en cuatro partidos y uno m\u00e1s jug\u00f3 como suplente. Pero este curso yaes un fijo del entrenador Rui Vitoria y es titular en todas las competiciones. &#8220;Si pagamos por \u00e9l fue porque tiene una gran proyecci\u00f3n&#8221;, declar\u00f3 el estratega para la p\u00e1gina del Benfica.<\/p>\n<p style=\"text-align: left;\">Esta temporada el <strong>Manchester City<\/strong>\u00a0gast\u00f3 una cifra r\u00e9cord de 213 millones de euros en refuerzos \u00a0y se convirti\u00f3 en el club de la Premier League que m\u00e1s invirti\u00f3. Ahora, habr\u00e1 que ver si es capaz de pagar la cl\u00e1usula por Grimaldo, un lateral con un toque privilegiado en la zurda y que posee una velocidad y regate que lo convierten en un atacante m\u00e1s.<\/p>\n<p><iframe loading=\"lazy\" src=\"https:\/\/www.youtube.com\/embed\/kzrz-Ws7tKE\" frameborder=\"0\" allowfullscreen=\"allowfullscreen\"><\/iframe><\/p>\n","protected":false},"excerpt":{"rendered":"<p>El Santpedor busca un lateral izquierdo graduado de La Masia<\/p>\n","protected":false},"author":20,"featured_media":430467,"comment_status":"closed","ping_status":"closed","sticky":false,"template":"","format":"standard","meta":[],"categories":[3839,3846],"tags":[6060,2510,5993],"_links":{"self":[{"href":"http:\/\/desarrollo.grupomedios.com\/futbol\/wp-json\/wp\/v2\/posts\/430462"}],"collection":[{"href":"http:\/\/desarrollo.grupomedios.com\/futbol\/wp-json\/wp\/v2\/posts"}],"about":[{"href":"http:\/\/desarrollo.grupomedios.com\/futbol\/wp-json\/wp\/v2\/types\/post"}],"author":[{"embeddable":true,"href":"http:\/\/desarrollo.grupomedios.com\/futbol\/wp-json\/wp\/v2\/users\/20"}],"replies":[{"embeddable":true,"href":"http:\/\/desarrollo.grupomedios.com\/futbol\/wp-json\/wp\/v2\/comments?post=430462"}],"version-history":[{"count":0,"href":"http:\/\/desarrollo.grupomedios.com\/futbol\/wp-json\/wp\/v2\/posts\/430462\/revisions"}],"wp:featuredmedia":[{"embeddable":true,"href":"http:\/\/desarrollo.grupomedios.com\/futbol\/wp-json\/wp\/v2\/media\/430467"}],"wp:attachment":[{"href":"http:\/\/desarrollo.grupomedios.com\/futbol\/wp-json\/wp\/v2\/media?parent=430462"}],"wp:term":[{"taxonomy":"category","embeddable":true,"href":"http:\/\/desarrollo.grupomedios.com\/futbol\/wp-json\/wp\/v2\/categories?post=430462"},{"taxonomy":"post_tag","embeddable":true,"href":"http:\/\/desarrollo.grupomedios.com\/futbol\/wp-json\/wp\/v2\/tags?post=430462"}],"curies":[{"name":"wp","href":"https:\/\/api.w.org\/{rel}","templated":true}]}}