{"id":430463,"date":"2016-09-21T12:25:27","date_gmt":"2016-09-21T17:25:27","guid":{"rendered":"https:\/\/www.futboltotal.com.mx\/?p=430463"},"modified":"2016-09-21T12:25:27","modified_gmt":"2016-09-21T17:25:27","slug":"agente-yaya-toure-arremete-contra-guardiola","status":"publish","type":"post","link":"http:\/\/desarrollo.grupomedios.com\/futbol\/futbol-internacional\/agente-yaya-toure-arremete-contra-guardiola\/2016\/09","title":{"rendered":"Agente de Yaya Tour\u00e9 arremete contra Guardiola"},"content":{"rendered":"<p>El enfrentamiento entre el agente de <strong>Yaya Tour\u00e9<\/strong>, Dimitri Seluk, y <strong>Pep Guardiola<\/strong> contin\u00faan luego de que el timonel del Manchester City declarara que el marfile\u00f1o <a href=\"https:\/\/www.futboltotal.com.mx\/2016\/09\/guardiola-exige-disculpas-para-habilitar-a-toure-manchester-city\/\" target=\"_blank\">no jugar\u00eda hasta que se disculpe su representante.<\/a><\/p>\n<p>Ante ello, <strong>Seluk<\/strong> se ha negado a disculparse con <strong>Guardiola<\/strong> y ha recordado un desencuentro que ya tuvo con el t\u00e9cnico hace seis a\u00f1os cuando Tour\u00e9 dej\u00f3 el Barcelona para fichar por el Manchester City.<\/p>\n<blockquote><p>&#8220;Cuando Tour\u00e9 se fue del <em>Bar\u00e7a<\/em> para venir al <strong>City<\/strong>, <strong>Guardiola<\/strong> dijo que se iba a una mie&#8230; de equipo y ahora que\u00a0ha venido a esta mie&#8230; de equipo. A <strong>Guardiola<\/strong> le gusta m\u00e1s el dinero que el futbol&#8221;, critic\u00f3 Seluk en entrevista para la <em>Cadena SER.<\/em><\/p><\/blockquote>\n<p style=\"text-align: center;\"><strong><span style=\"color: #3366ff;\">LEER M\u00c1S:\u00a0<a style=\"color: #3366ff;\" href=\"https:\/\/www.futboltotal.com.mx\/2016\/09\/samuel-etoo-suspendido-insinuar-racismo\/\"> Samuel Eto\u00b4o es suspendido por insinuar racismo<\/a><\/span><\/strong><\/p>\n<p>Adem\u00e1s, el agente del marfile\u00f1o asegur\u00f3 que <em>Pep<\/em> tiene que llevarse bien con el agente de un jugador para que a \u00e9ste le vaya bien.<\/p>\n<blockquote><p>&#8220;Lo cierto es que <strong>Guardiola<\/strong> protege a los jugadores que tienen agentes con los que \u00e9l se lleva bien. \u00c9l es el que ha ido al equipo de <strong>Tour\u00e9<\/strong> y no <strong>Tour\u00e9<\/strong> el que ha ido a uno de sus equipos&#8221;.<\/p><\/blockquote>\n<p>Seluk tambi\u00e9n se dio tiempo para criticar los procesos en los que ha estado el catal\u00e1n y seg\u00fan sus palabras, el ex t\u00e9cnico del Barcelona solo ha estado en equipos que ya est\u00e1n armados y con los que puede competir por el t\u00edtulo en las ligas donde llega.<\/p>\n<blockquote><p>&#8220;Gan\u00f3 cosas en el <em>Bar\u00e7a<\/em> pero despu\u00e9s ha venido Luis Enrique y ha ganado lo mismo, lo que quiere decir que no se gana por <strong>Guardiola<\/strong> sino por la estructura.\u00a0En el Bayern Munich es la misma historia porque el Bayern lo hab\u00eda ganado todo y \u00e9l\u00a0s\u00f3lo gan\u00f3 la liga, y ahora que Guardiola se ha ido con Ancelotti ir\u00e1 mejor&#8221;.<\/p>\n<p>&#8220;<strong>Guardiola<\/strong> no ha ido al Tottenham de Pochettino. \u00c9l s\u00ed que tiene m\u00e9rito o Ranieri que ha ganado la Premier con el Leicester. \u00c9l\u00a0va donde hay mucho dinero&#8221;, finaliz\u00f3\u00a0Seluk.<\/p>\n<p style=\"text-align: center;\"><strong><span style=\"color: #3366ff;\">LEER M\u00c1S:\u00a0<a style=\"color: #3366ff;\" href=\"https:\/\/www.futboltotal.com.mx\/2016\/09\/morata-pudo-ser-fichaje-record-del-chelsea\/\">Morata rechaz\u00f3 estratosf\u00e9rica oferta<\/a><\/span><\/strong><\/p>\n<\/blockquote>\n","protected":false},"excerpt":{"rendered":"<p>El agente de Tour\u00e9 neg\u00f3 disculparse con Guardiola<\/p>\n","protected":false},"author":20,"featured_media":417543,"comment_status":"closed","ping_status":"closed","sticky":false,"template":"","format":"standard","meta":[],"categories":[3839,5951],"tags":[2510],"_links":{"self":[{"href":"http:\/\/desarrollo.grupomedios.com\/futbol\/wp-json\/wp\/v2\/posts\/430463"}],"collection":[{"href":"http:\/\/desarrollo.grupomedios.com\/futbol\/wp-json\/wp\/v2\/posts"}],"about":[{"href":"http:\/\/desarrollo.grupomedios.com\/futbol\/wp-json\/wp\/v2\/types\/post"}],"author":[{"embeddable":true,"href":"http:\/\/desarrollo.grupomedios.com\/futbol\/wp-json\/wp\/v2\/users\/20"}],"replies":[{"embeddable":true,"href":"http:\/\/desarrollo.grupomedios.com\/futbol\/wp-json\/wp\/v2\/comments?post=430463"}],"version-history":[{"count":0,"href":"http:\/\/desarrollo.grupomedios.com\/futbol\/wp-json\/wp\/v2\/posts\/430463\/revisions"}],"wp:featuredmedia":[{"embeddable":true,"href":"http:\/\/desarrollo.grupomedios.com\/futbol\/wp-json\/wp\/v2\/media\/417543"}],"wp:attachment":[{"href":"http:\/\/desarrollo.grupomedios.com\/futbol\/wp-json\/wp\/v2\/media?parent=430463"}],"wp:term":[{"taxonomy":"category","embeddable":true,"href":"http:\/\/desarrollo.grupomedios.com\/futbol\/wp-json\/wp\/v2\/categories?post=430463"},{"taxonomy":"post_tag","embeddable":true,"href":"http:\/\/desarrollo.grupomedios.com\/futbol\/wp-json\/wp\/v2\/tags?post=430463"}],"curies":[{"name":"wp","href":"https:\/\/api.w.org\/{rel}","templated":true}]}}