{"id":430563,"date":"2016-09-21T15:51:39","date_gmt":"2016-09-21T20:51:39","guid":{"rendered":"https:\/\/www.futboltotal.com.mx\/?p=430563"},"modified":"2016-09-21T16:22:59","modified_gmt":"2016-09-21T21:22:59","slug":"carlos-vela-anota-la-real-sociedad","status":"publish","type":"post","link":"http:\/\/desarrollo.grupomedios.com\/futbol\/destacado-home\/carlos-vela-anota-la-real-sociedad\/2016\/09","title":{"rendered":"\u00a1Carlos Vela marca su primer gol de la temporada!"},"content":{"rendered":"<p>El delantero <strong>Carlos Vela<\/strong>\u00a0marc\u00f3 su primer gol de la temporada 2016-17 este mi\u00e9rcoles en el partido ante Las Palmas, correspondiente a la jornada 5 de la Liga 2016-17. El <em>Bombardero\u00a0<\/em>fue titular en Anoeta por segunda ocasi\u00f3n en la temporada y movi\u00f3 las redes al minuto 21 del primer tiempo.<\/p>\n<p style=\"text-align: center;\"><span style=\"color: #3366ff;\"><strong>LEER M\u00c1S: Todas las noticias de mexicano en Europa\u00a0<\/strong><\/span><\/p>\n<blockquote class=\"twitter-video\" data-lang=\"es\">\n<p dir=\"ltr\" lang=\"es\">Carlos Vela volvi\u00f3 a anotar con la Real Sociedad. Se est\u00e1 esforzando para ganarse su lugar en <a href=\"https:\/\/twitter.com\/miseleccionmx\">@miseleccionmx<\/a>. <a href=\"https:\/\/t.co\/9RJFCdplyr\">pic.twitter.com\/9RJFCdplyr<\/a><\/p>\n<p>\u2014 Eitan Benezra (@EitanBenezra) <a href=\"https:\/\/twitter.com\/EitanBenezra\/status\/778700874872868864\">21 de septiembre de 2016<\/a><\/p><\/blockquote>\n<p><script async src=\"\/\/platform.twitter.com\/widgets.js\" charset=\"utf-8\"><\/script><\/p>\n<p><strong>Carlos Vela<\/strong>, que hasta antes de este partido solo acumulaba 147 minutos en cuatro partidos, tuvo la ocasi\u00f3n para reencontrarse con las redes despu\u00e9s de que Boateng sac\u00f3 el bal\u00f3n con la mano y acab\u00f3 expulsado. Cinco meses despu\u00e9s de haber marcado su \u00faltimo tanto en el certamen, el mexicano no perdon\u00f3 y celebr\u00f3 tras firmar la ventaja 2-0 con una buena definici\u00f3n desde el manch\u00f3n penal.<\/p>\n<p>Este gol es el n\u00famero 63 que marca <strong>Carlos Vela<\/strong>\u00a0en el campeonato espa\u00f1ol, al que lleg\u00f3 en el curso 2011-12 procedente del Arsenal. \u00bfCu\u00e1ntos goles m\u00e1s marcar\u00e1 esta temporada?<\/p>\n<p>Remate de @willianjose19 y Boateng saca el bal\u00f3n con la mano en boca de gol. Roja directa al visitante. 1-0<\/p>\n<blockquote class=\"twitter-tweet\" data-lang=\"es\">\n<p dir=\"ltr\" lang=\"und\">22&#8242; GOOOOOOOOOOOOOOOOOOOOLLLLLLLLL!! 2-0 <a href=\"https:\/\/t.co\/NjHPlANmEa\">pic.twitter.com\/NjHPlANmEa<\/a><\/p>\n<p>\u2014 Real Sociedad F\u00fatbol (@RealSociedad) <a href=\"https:\/\/twitter.com\/RealSociedad\/status\/778690823743418368\">21 de septiembre de 2016<\/a><\/p><\/blockquote>\n<p><script async src=\"\/\/platform.twitter.com\/widgets.js\" charset=\"utf-8\"><\/script><\/p>\n","protected":false},"excerpt":{"rendered":"<p>El mexicano convirti\u00f3 un penalti al minuto 21 del primer tiempo<\/p>\n","protected":false},"author":20,"featured_media":430574,"comment_status":"closed","ping_status":"closed","sticky":false,"template":"","format":"standard","meta":[],"categories":[5,3839,3844,6718],"tags":[6048,102],"_links":{"self":[{"href":"http:\/\/desarrollo.grupomedios.com\/futbol\/wp-json\/wp\/v2\/posts\/430563"}],"collection":[{"href":"http:\/\/desarrollo.grupomedios.com\/futbol\/wp-json\/wp\/v2\/posts"}],"about":[{"href":"http:\/\/desarrollo.grupomedios.com\/futbol\/wp-json\/wp\/v2\/types\/post"}],"author":[{"embeddable":true,"href":"http:\/\/desarrollo.grupomedios.com\/futbol\/wp-json\/wp\/v2\/users\/20"}],"replies":[{"embeddable":true,"href":"http:\/\/desarrollo.grupomedios.com\/futbol\/wp-json\/wp\/v2\/comments?post=430563"}],"version-history":[{"count":0,"href":"http:\/\/desarrollo.grupomedios.com\/futbol\/wp-json\/wp\/v2\/posts\/430563\/revisions"}],"wp:featuredmedia":[{"embeddable":true,"href":"http:\/\/desarrollo.grupomedios.com\/futbol\/wp-json\/wp\/v2\/media\/430574"}],"wp:attachment":[{"href":"http:\/\/desarrollo.grupomedios.com\/futbol\/wp-json\/wp\/v2\/media?parent=430563"}],"wp:term":[{"taxonomy":"category","embeddable":true,"href":"http:\/\/desarrollo.grupomedios.com\/futbol\/wp-json\/wp\/v2\/categories?post=430563"},{"taxonomy":"post_tag","embeddable":true,"href":"http:\/\/desarrollo.grupomedios.com\/futbol\/wp-json\/wp\/v2\/tags?post=430563"}],"curies":[{"name":"wp","href":"https:\/\/api.w.org\/{rel}","templated":true}]}}