{"id":430604,"date":"2016-09-21T16:53:58","date_gmt":"2016-09-21T21:53:58","guid":{"rendered":"https:\/\/www.futboltotal.com.mx\/?p=430604"},"modified":"2016-09-21T16:53:58","modified_gmt":"2016-09-21T21:53:58","slug":"balotelli-resucita-niza-asalta-la-ligue-1","status":"publish","type":"post","link":"http:\/\/desarrollo.grupomedios.com\/futbol\/futbol-internacional\/balotelli-resucita-niza-asalta-la-ligue-1\/2016\/09","title":{"rendered":"Balotelli resucita y el Niza asalta la Ligue 1"},"content":{"rendered":"<p>El Niza, ganador por 4-0 sobre\u00a0el M\u00f3naco, y el italiano <strong>Mario Balotelli<\/strong>, autor de dos de los cuatro\u00a0goles del partido, asumieron este mi\u00e9rcoles el liderato de la\u00a0clasificaci\u00f3n de la Liga francesa, del que apartaron al Par\u00eds Saint\u00a0Germain, al que aventajan en un punto despu\u00e9s de seis jornadas.<\/p>\n<p>Tambi\u00e9n le lleva esa distancia al M\u00f3naco, al que dobleg\u00f3 en un\u00a0&#8216;derbi&#8217; por el liderato de la tabla en el estadio Allianz Riviera de\u00a0Niza (4-0), con los dos primeros goles en la media hora inicial, el\u00a01-0 de Paul Baysse (m. 17) y el 2-0 de Balotelli (m. 30), que\u00a0repiti\u00f3 en el 68 y que ya suma cuatro tantos en dos encuentros.<\/p>\n<p style=\"text-align: center;\"><a href=\"https:\/\/www.futboltotal.com.mx\/futbol-internacional\/\"><span style=\"color: #3366ff;\"><strong>LEER M\u00c1S: Todas las noticias de futbol internacional\u00a0<\/strong><\/span><\/a><\/p>\n<p><iframe loading=\"lazy\" src=\"https:\/\/www.youtube.com\/embed\/hbDI8rD9AJM\" frameborder=\"0\" allowfullscreen=\"allowfullscreen\"><\/iframe><br \/>\nAlessandre Plea, en el tramo final, fall\u00f3 un penalti y, minutos\u00a0despu\u00e9s, marc\u00f3 el 4-0, en un partido en el que se lesion\u00f3 el\u00a0colombiano Radamel Falcao, titular en el M\u00f3naco. Un choque potente\u00a0con el portero contrario en los instantes finales del primer tiempo\u00a0le provoc\u00f3 un golpe en las cervicales. Al descanso, ya no sali\u00f3,\u00a0reemplazado por Valere Germain. <a href=\"https:\/\/www.futboltotal.com.mx\/2016\/09\/falcao-termina-en-el-hospital\/\">Ha sido trasladado al hospital,\u00a0sometido a pruebas y est\u00e1 a la espera de los resultados.<\/a><\/p>\n<p>El Niza sube al liderato de la clasificaci\u00f3n y es el \u00fanico\u00a0invicto ya en esta temporada de la Liga francesa. No es un dato\u00a0menor para un equipo que gan\u00f3 su \u00faltima Liga hace 57 a\u00f1os y cuya\u00a0\u00faltima Copa francesa data de 1997. De momento, con s\u00f3lo seis\u00a0jornadas, discute el campeonato al Par\u00eds Saint Germain y al M\u00f3naco.<\/p>\n<p>Por detr\u00e1s, a cuatro puntos del l\u00edder, est\u00e1 el Lyon, reactivado\u00a0con un 3-1 a su favor despu\u00e9s de tres jornadas sin ganar. Al 0-1 de\u00a0Sans\u00f3n para el Montpellier, que se qued\u00f3 en inferioridad num\u00e9rica\u00a0por la expulsi\u00f3n en el minuto 8 de Morgan Poaty, respondi\u00f3 con\u00a0remontada y cinco goles: dos de Fekir y Tolisso y uno de Cornet.<\/p>\n","protected":false},"excerpt":{"rendered":"<p>El delantero italiano sigue encendido y marc\u00f3 doblete en la goleada 4-0 <\/p>\n","protected":false},"author":20,"featured_media":430611,"comment_status":"closed","ping_status":"closed","sticky":false,"template":"","format":"standard","meta":[],"categories":[3839,5951],"tags":[2102,408,6093],"_links":{"self":[{"href":"http:\/\/desarrollo.grupomedios.com\/futbol\/wp-json\/wp\/v2\/posts\/430604"}],"collection":[{"href":"http:\/\/desarrollo.grupomedios.com\/futbol\/wp-json\/wp\/v2\/posts"}],"about":[{"href":"http:\/\/desarrollo.grupomedios.com\/futbol\/wp-json\/wp\/v2\/types\/post"}],"author":[{"embeddable":true,"href":"http:\/\/desarrollo.grupomedios.com\/futbol\/wp-json\/wp\/v2\/users\/20"}],"replies":[{"embeddable":true,"href":"http:\/\/desarrollo.grupomedios.com\/futbol\/wp-json\/wp\/v2\/comments?post=430604"}],"version-history":[{"count":0,"href":"http:\/\/desarrollo.grupomedios.com\/futbol\/wp-json\/wp\/v2\/posts\/430604\/revisions"}],"wp:featuredmedia":[{"embeddable":true,"href":"http:\/\/desarrollo.grupomedios.com\/futbol\/wp-json\/wp\/v2\/media\/430611"}],"wp:attachment":[{"href":"http:\/\/desarrollo.grupomedios.com\/futbol\/wp-json\/wp\/v2\/media?parent=430604"}],"wp:term":[{"taxonomy":"category","embeddable":true,"href":"http:\/\/desarrollo.grupomedios.com\/futbol\/wp-json\/wp\/v2\/categories?post=430604"},{"taxonomy":"post_tag","embeddable":true,"href":"http:\/\/desarrollo.grupomedios.com\/futbol\/wp-json\/wp\/v2\/tags?post=430604"}],"curies":[{"name":"wp","href":"https:\/\/api.w.org\/{rel}","templated":true}]}}