{"id":430655,"date":"2016-09-21T18:24:38","date_gmt":"2016-09-21T23:24:38","guid":{"rendered":"https:\/\/www.futboltotal.com.mx\/?p=430655"},"modified":"2016-09-21T18:26:54","modified_gmt":"2016-09-21T23:26:54","slug":"nahuel-guzman-presume-faceta-escritor","status":"publish","type":"post","link":"http:\/\/desarrollo.grupomedios.com\/futbol\/futbol-mexicano\/nahuel-guzman-presume-faceta-escritor\/2016\/09","title":{"rendered":"Nahuel Guzm\u00e1n presume faceta de escritor"},"content":{"rendered":"<p><a href=\"http:\/\/futboltotal.com.mx\/equipos\/tigres\/\" target=\"_blank\"><strong>Tigres<\/strong><\/a> sin duda es el equipo sensaci\u00f3n de la Liga MX, por contar con dos futbolistas nacidos en Europa, tener una de las mejores plantillas del pa\u00eds, poseer a aficionados famosos, pero tambi\u00e9n, porque dentro de su plantilla hay un escritor: <strong>Nahuel Guzm\u00e1n<\/strong>.<\/p>\n<p>A mediados de 2016, se public\u00f3 el libro <em>Pelota de Papel<\/em>, una obra de cuentos sobre futbol que est\u00e1 escrita por jugadores de este deporte, entre ellos, el portero de los <strong>Tigres<\/strong>, <strong>Nahuel Guzm\u00e1n<\/strong>, adem\u00e1s de otras figuras como Pablo Aimar, Jorge Valdano, Javier Mascherano y Jorge Sampaoli. En el pr\u00f3logo destacan nombres de escritores del balompi\u00e9, como Eduardo Sacheri.<\/p>\n<p style=\"text-align: center;\"><span style=\"color: #3366ff;\"><a style=\"color: #3366ff;\" href=\"https:\/\/www.futboltotal.com.mx\/2016\/09\/en-vivo-chivas-vs-tigres-liga-mx-2\/\" target=\"_blank\"><strong>LEER M\u00c1S: Tigres asalta al estadio Chivas<\/strong><\/a><\/span><\/p>\n<p>Como parte de la estrategia de difusi\u00f3n para la adquisici\u00f3n de <em>Pelota de Papel<\/em>, los futbolistas y miembros del proyecto han compartido de diversas formas los ejemplares de la obra, por eso <strong>Nahuel Guzm\u00e1n<\/strong>, no dudo en otorgarle una copia, al auxiliar t\u00e9cnico de los <strong>Tigres<\/strong>, Miguel Mej\u00eda Bar\u00f3n.<\/p>\n<blockquote class=\"twitter-tweet\" data-lang=\"es\">\n<p dir=\"ltr\" lang=\"es\">Otro <a href=\"https:\/\/twitter.com\/LibroPelota\">@LibroPelota<\/a> en buenas manos .Un honor poder compartir esta <a href=\"https:\/\/twitter.com\/hashtag\/PelotaDePapel?src=hash\">#PelotaDePapel<\/a> con el Maestro Miguel Mejia Bar\u00f3n. <a href=\"https:\/\/t.co\/fBPppnMZ9N\">pic.twitter.com\/fBPppnMZ9N<\/a><\/p>\n<p>\u2014 Nahuel.I.Guzman (@PatonGuzman) <a href=\"https:\/\/twitter.com\/PatonGuzman\/status\/778592334900453376\">21 de septiembre de 2016<\/a><\/p><\/blockquote>\n<p><script async src=\"\/\/platform.twitter.com\/widgets.js\" charset=\"utf-8\"><\/script><\/p>\n<blockquote class=\"twitter-tweet\" data-lang=\"es\">\n<p dir=\"ltr\" lang=\"es\">Ac\u00e1 podes comprar <a href=\"https:\/\/twitter.com\/hashtag\/PelotadePapel?src=hash\">#PelotadePapel<\/a> en formato digital:<a href=\"https:\/\/t.co\/X86EgkIByJ\">https:\/\/t.co\/X86EgkIByJ<\/a> <a href=\"https:\/\/twitter.com\/hashtag\/ebooks?src=hash\">#ebooks<\/a> <a href=\"https:\/\/t.co\/xEwrTNaRCZ\">pic.twitter.com\/xEwrTNaRCZ<\/a><\/p>\n<p>\u2014 PelotadePapel (@LibroPelota) <a href=\"https:\/\/twitter.com\/LibroPelota\/status\/738548475693010945\">3 de junio de 2016<\/a><\/p><\/blockquote>\n<p><script async src=\"\/\/platform.twitter.com\/widgets.js\" charset=\"utf-8\"><\/script><\/p>\n<p><span style=\"color: #ff0000;\"><strong>VIDEO: Agenda TV | Jornada 10 del Apertura 2016<\/strong><\/span><\/p>\n<p>[video_player]https:\/\/player.vimeo.com\/external\/183358495.hd.mp4?s=33c4d964000b4bd1458edd966d88a415a520dc42&amp;profile_id=174[\/video_player]<\/p>\n","protected":false},"excerpt":{"rendered":"<p>El cancerbero regala libro de su autor\u00eda a Miguel Mej\u00eda Bar\u00f3n<\/p>\n","protected":false},"author":20,"featured_media":430656,"comment_status":"closed","ping_status":"closed","sticky":false,"template":"","format":"standard","meta":[],"categories":[5419,2198,3845,5950],"tags":[6129,5973],"_links":{"self":[{"href":"http:\/\/desarrollo.grupomedios.com\/futbol\/wp-json\/wp\/v2\/posts\/430655"}],"collection":[{"href":"http:\/\/desarrollo.grupomedios.com\/futbol\/wp-json\/wp\/v2\/posts"}],"about":[{"href":"http:\/\/desarrollo.grupomedios.com\/futbol\/wp-json\/wp\/v2\/types\/post"}],"author":[{"embeddable":true,"href":"http:\/\/desarrollo.grupomedios.com\/futbol\/wp-json\/wp\/v2\/users\/20"}],"replies":[{"embeddable":true,"href":"http:\/\/desarrollo.grupomedios.com\/futbol\/wp-json\/wp\/v2\/comments?post=430655"}],"version-history":[{"count":0,"href":"http:\/\/desarrollo.grupomedios.com\/futbol\/wp-json\/wp\/v2\/posts\/430655\/revisions"}],"wp:featuredmedia":[{"embeddable":true,"href":"http:\/\/desarrollo.grupomedios.com\/futbol\/wp-json\/wp\/v2\/media\/430656"}],"wp:attachment":[{"href":"http:\/\/desarrollo.grupomedios.com\/futbol\/wp-json\/wp\/v2\/media?parent=430655"}],"wp:term":[{"taxonomy":"category","embeddable":true,"href":"http:\/\/desarrollo.grupomedios.com\/futbol\/wp-json\/wp\/v2\/categories?post=430655"},{"taxonomy":"post_tag","embeddable":true,"href":"http:\/\/desarrollo.grupomedios.com\/futbol\/wp-json\/wp\/v2\/tags?post=430655"}],"curies":[{"name":"wp","href":"https:\/\/api.w.org\/{rel}","templated":true}]}}