{"id":430659,"date":"2016-09-21T18:45:35","date_gmt":"2016-09-21T23:45:35","guid":{"rendered":"https:\/\/www.futboltotal.com.mx\/?p=430659"},"modified":"2016-09-21T18:45:35","modified_gmt":"2016-09-21T23:45:35","slug":"marika-fruscio-la-musa-perdona-a-higuain","status":"publish","type":"post","link":"http:\/\/desarrollo.grupomedios.com\/futbol\/galerias\/marika-fruscio-la-musa-perdona-a-higuain\/2016\/09","title":{"rendered":"Marika Fruscio, la musa que no perdona a Higua\u00edn"},"content":{"rendered":"<p>Cuando se anunci\u00f3 la salida de <strong>Gonzalo Higua\u00edn<\/strong>, la afici\u00f3n del Napoli lo consider\u00f3 un traidor, sentimiento que se \u00a0mantiene contra el ahora atacante de Juventus, aunque son pocos los que le pueden doler tanto al argentino como la opini\u00f3n de la modelo <strong>Marika Fruscio<\/strong>, quien subray\u00f3: \u201cSi ahora vale 90 millones, es gracias a los <em>Azurri<\/em>\u201d.<\/p>\n<div id=\"gallerykjE\" style=\"display:none;\"><img alt=\"\" src=\"http:\/\/desarrollo.grupomedios.com\/futbol\/wp-content\/uploads\/2016\/09\/marika-fruscio-galeria-1.jpg\" data-image=\"http:\/\/desarrollo.grupomedios.com\/futbol\/wp-content\/uploads\/2016\/09\/marika-fruscio-galeria-1.jpg\" data-description=\"marika-fruscio-galeria-1\"><img alt=\"\" src=\"http:\/\/desarrollo.grupomedios.com\/futbol\/wp-content\/uploads\/2016\/09\/marika-fruscio-galeria-2.jpg\" data-image=\"http:\/\/desarrollo.grupomedios.com\/futbol\/wp-content\/uploads\/2016\/09\/marika-fruscio-galeria-2.jpg\" data-description=\"marika-fruscio-galeria-2\"><img alt=\"\" src=\"http:\/\/desarrollo.grupomedios.com\/futbol\/wp-content\/uploads\/2016\/09\/marika-fruscio-galeria-3.jpg\" data-image=\"http:\/\/desarrollo.grupomedios.com\/futbol\/wp-content\/uploads\/2016\/09\/marika-fruscio-galeria-3.jpg\" data-description=\"marika-fruscio-galeria-3\"><img alt=\"\" src=\"http:\/\/desarrollo.grupomedios.com\/futbol\/wp-content\/uploads\/2016\/09\/marika-fruscio-galeria-4.jpg\" data-image=\"http:\/\/desarrollo.grupomedios.com\/futbol\/wp-content\/uploads\/2016\/09\/marika-fruscio-galeria-4.jpg\" data-description=\"marika-fruscio-galeria-4\"><img alt=\"\" src=\"http:\/\/desarrollo.grupomedios.com\/futbol\/wp-content\/uploads\/2016\/09\/marika-fruscio-galeria-5.jpg\" data-image=\"http:\/\/desarrollo.grupomedios.com\/futbol\/wp-content\/uploads\/2016\/09\/marika-fruscio-galeria-5.jpg\" data-description=\"marika-fruscio-galeria-5\"><img alt=\"\" src=\"http:\/\/desarrollo.grupomedios.com\/futbol\/wp-content\/uploads\/2016\/09\/marika-fruscio-galeria-6.jpg\" data-image=\"http:\/\/desarrollo.grupomedios.com\/futbol\/wp-content\/uploads\/2016\/09\/marika-fruscio-galeria-6.jpg\" data-description=\"marika-fruscio-galeria-6\"><img alt=\"\" src=\"http:\/\/desarrollo.grupomedios.com\/futbol\/wp-content\/uploads\/2016\/09\/marika-fruscio-galeria-7.jpg\" data-image=\"http:\/\/desarrollo.grupomedios.com\/futbol\/wp-content\/uploads\/2016\/09\/marika-fruscio-galeria-7.jpg\" data-description=\"marika-fruscio-galeria-7\"><img alt=\"\" src=\"http:\/\/desarrollo.grupomedios.com\/futbol\/wp-content\/uploads\/2016\/09\/marika-fruscio-galeria-8.jpg\" data-image=\"http:\/\/desarrollo.grupomedios.com\/futbol\/wp-content\/uploads\/2016\/09\/marika-fruscio-galeria-8.jpg\" data-description=\"marika-fruscio-galeria-8\"><img alt=\"\" src=\"http:\/\/desarrollo.grupomedios.com\/futbol\/wp-content\/uploads\/2016\/09\/marika-fruscio-galeria-9.jpg\" data-image=\"http:\/\/desarrollo.grupomedios.com\/futbol\/wp-content\/uploads\/2016\/09\/marika-fruscio-galeria-9.jpg\" data-description=\"marika-fruscio-galeria-9\"><\/div>\n        <script>\n        \/\/galeria 1\n        jQuery(document).ready(function(){ \n            var api;\n            api = jQuery(\"#gallerykjE\").unitegallery({\n                carousel_autoplay: false\n            }); \n        });\n        <\/script>\n        \n","protected":false},"excerpt":{"rendered":"<p>A la modelo a\u00fan le duele que el delantero se fuera a la Juve <\/p>\n","protected":false},"author":20,"featured_media":430669,"comment_status":"closed","ping_status":"closed","sticky":false,"template":"","format":"standard","meta":[],"categories":[6408,5422,3],"tags":[4166,2033],"_links":{"self":[{"href":"http:\/\/desarrollo.grupomedios.com\/futbol\/wp-json\/wp\/v2\/posts\/430659"}],"collection":[{"href":"http:\/\/desarrollo.grupomedios.com\/futbol\/wp-json\/wp\/v2\/posts"}],"about":[{"href":"http:\/\/desarrollo.grupomedios.com\/futbol\/wp-json\/wp\/v2\/types\/post"}],"author":[{"embeddable":true,"href":"http:\/\/desarrollo.grupomedios.com\/futbol\/wp-json\/wp\/v2\/users\/20"}],"replies":[{"embeddable":true,"href":"http:\/\/desarrollo.grupomedios.com\/futbol\/wp-json\/wp\/v2\/comments?post=430659"}],"version-history":[{"count":0,"href":"http:\/\/desarrollo.grupomedios.com\/futbol\/wp-json\/wp\/v2\/posts\/430659\/revisions"}],"wp:featuredmedia":[{"embeddable":true,"href":"http:\/\/desarrollo.grupomedios.com\/futbol\/wp-json\/wp\/v2\/media\/430669"}],"wp:attachment":[{"href":"http:\/\/desarrollo.grupomedios.com\/futbol\/wp-json\/wp\/v2\/media?parent=430659"}],"wp:term":[{"taxonomy":"category","embeddable":true,"href":"http:\/\/desarrollo.grupomedios.com\/futbol\/wp-json\/wp\/v2\/categories?post=430659"},{"taxonomy":"post_tag","embeddable":true,"href":"http:\/\/desarrollo.grupomedios.com\/futbol\/wp-json\/wp\/v2\/tags?post=430659"}],"curies":[{"name":"wp","href":"https:\/\/api.w.org\/{rel}","templated":true}]}}