{"id":430700,"date":"2016-09-24T18:23:24","date_gmt":"2016-09-24T23:23:24","guid":{"rendered":"https:\/\/www.futboltotal.com.mx\/?p=430700"},"modified":"2016-09-24T21:32:30","modified_gmt":"2016-09-25T02:32:30","slug":"en-vivo-morelia-vs-puebla-liga-mx","status":"publish","type":"post","link":"http:\/\/desarrollo.grupomedios.com\/futbol\/futbol-mexicano\/en-vivo-morelia-vs-puebla-liga-mx\/2016\/09","title":{"rendered":"AS\u00cd SE VIVI\u00d3 | Morelia vs Puebla | Liga MX"},"content":{"rendered":"<p><a class=\"twitter-timeline\" href=\"https:\/\/twitter.com\/search?q=from%3AFuerzaMonarca%2C%20OR%20from%3APueblaFC\" data-widget-id=\"779824307765514240\">Tweets sobre from:FuerzaMonarca, OR from:PueblaFC<\/a><br \/>\n<script>!function(d,s,id){var js,fjs=d.getElementsByTagName(s)[0],p=\/^http:\/.test(d.location)?'http':'https';if(!d.getElementById(id)){js=d.createElement(s);js.id=id;js.src=p+\":\/\/platform.twitter.com\/widgets.js\";fjs.parentNode.insertBefore(js,fjs);}}(document,\"script\",\"twitter-wjs\");<\/script><\/p>\n<p><a href=\"http:\/\/futboltotal.com.mx\/equipos\/morelia\/\" target=\"_blank\"><strong>Morelia<\/strong><\/a> empez\u00f3 el torneo con paso de campe\u00f3n, pero gradualmente baj\u00f3 el ritmo y ahora contra <a href=\"http:\/\/futboltotal.com.mx\/equipos\/puebla\/\" target=\"_blank\"><strong>Puebla<\/strong><\/a> tendr\u00e1 un complicado cotejo, pues la Franja llega a la <strong>jornada 11 del Apertura 2016<\/strong> con la inspiraci\u00f3n a tope despu\u00e9s de ratificar que Ricardo V\u00e1li\u00f1o es el indicado para acabar con sus problemas en la tabla de cociente.<\/p>\n<p>Ser\u00e1 este s\u00e1bado desde las 19:00 horas que el Estadio Morelos albergue el cotejo donde los visitantes parten como los favoritos para imponerse, pese a medirse con una de las mejores ofensivas del certamen.<\/p>\n<p>\u201cEste partido lo vimos como una final porque sab\u00edamos que era de seis puntos en la tabla de cocientes. No ten\u00eda referencia de alg\u00fan ultim\u00e1tum para mi puesto, pero lo que yo quer\u00eda era romper la racha de derrotas porque el equipo no se la merec\u00eda y hoy demostr\u00f3 un gran coraz\u00f3n para poder remontar\u201d, coment\u00f3 el t\u00e9cnico del <strong>Puebla<\/strong>, Ricardo V\u00e1li\u00f1o, en conferencia de prensa.<\/p>\n<p>Por su parte, <strong>Morelia<\/strong> que viene de sumar una derrota m\u00e1s, tiene la urgencia de conseguir puntos, porque Necaxa se niega a caer m\u00e1s en el m\u00e1ximo circuito, lo cual pone en el s\u00f3tano al conjunto que dirige Enrique Meza.<\/p>\n<p>\u00bfCu\u00e1l es tu pron\u00f3stico para el <strong>Morelia vs Puebla<\/strong>, <em>crack<\/em>?<\/p>\n","protected":false},"excerpt":{"rendered":"<p>La Franja vino de atr\u00e1s para llevarse el triunfo<\/p>\n","protected":false},"author":20,"featured_media":431291,"comment_status":"closed","ping_status":"closed","sticky":false,"template":"","format":"standard","meta":[],"categories":[2198,3845],"tags":[5967,5969],"_links":{"self":[{"href":"http:\/\/desarrollo.grupomedios.com\/futbol\/wp-json\/wp\/v2\/posts\/430700"}],"collection":[{"href":"http:\/\/desarrollo.grupomedios.com\/futbol\/wp-json\/wp\/v2\/posts"}],"about":[{"href":"http:\/\/desarrollo.grupomedios.com\/futbol\/wp-json\/wp\/v2\/types\/post"}],"author":[{"embeddable":true,"href":"http:\/\/desarrollo.grupomedios.com\/futbol\/wp-json\/wp\/v2\/users\/20"}],"replies":[{"embeddable":true,"href":"http:\/\/desarrollo.grupomedios.com\/futbol\/wp-json\/wp\/v2\/comments?post=430700"}],"version-history":[{"count":0,"href":"http:\/\/desarrollo.grupomedios.com\/futbol\/wp-json\/wp\/v2\/posts\/430700\/revisions"}],"wp:featuredmedia":[{"embeddable":true,"href":"http:\/\/desarrollo.grupomedios.com\/futbol\/wp-json\/wp\/v2\/media\/431291"}],"wp:attachment":[{"href":"http:\/\/desarrollo.grupomedios.com\/futbol\/wp-json\/wp\/v2\/media?parent=430700"}],"wp:term":[{"taxonomy":"category","embeddable":true,"href":"http:\/\/desarrollo.grupomedios.com\/futbol\/wp-json\/wp\/v2\/categories?post=430700"},{"taxonomy":"post_tag","embeddable":true,"href":"http:\/\/desarrollo.grupomedios.com\/futbol\/wp-json\/wp\/v2\/tags?post=430700"}],"curies":[{"name":"wp","href":"https:\/\/api.w.org\/{rel}","templated":true}]}}