{"id":430705,"date":"2016-09-23T20:44:35","date_gmt":"2016-09-24T01:44:35","guid":{"rendered":"https:\/\/www.futboltotal.com.mx\/?p=430705"},"modified":"2016-09-23T22:53:00","modified_gmt":"2016-09-24T03:53:00","slug":"en-vivo-veracruz-vs-chivas-liga-mx","status":"publish","type":"post","link":"http:\/\/desarrollo.grupomedios.com\/futbol\/futbol-mexicano\/en-vivo-veracruz-vs-chivas-liga-mx\/2016\/09","title":{"rendered":"AS\u00cd SE VIVI\u00d3 | Veracruz 0-1 Chivas | Liga MX"},"content":{"rendered":"<p style=\"text-align: left;\"><span style=\"color: #ff0000;\">93:00<\/span> | Acaba el partido.<\/p>\n<p style=\"text-align: left;\"><span style=\"color: #ff0000;\">90:00<\/span> | Se agregan tres minutos.<\/p>\n<p style=\"text-align: left;\"><span style=\"color: #ff0000;\">84:00<\/span> | Aunque Veracruz lo intenta, la defensa rival est\u00e1 bien parada atr\u00e1s.<\/p>\n<p style=\"text-align: left;\"><span style=\"color: #ff0000;\">78:00<\/span> | \u00a1Gooooooooooool de Chivas! Cuando peor jugaban, Calder\u00f3n se encontr\u00f3 con la pelota en el \u00e1rea y no perdon\u00f3.<\/p>\n<p><iframe loading=\"lazy\" style=\"border: none; overflow: hidden;\" src=\"https:\/\/www.facebook.com\/plugins\/video.php?href=https%3A%2F%2Fwww.facebook.com%2FLigaBancomerMX%2Fvideos%2F1093393940774719%2F&amp;show_text=0&amp;width=560\" frameborder=\"0\" scrolling=\"no\" allowfullscreen=\"allowfullscreen\"><\/iframe><\/p>\n<p style=\"text-align: left;\"><span style=\"color: #ff0000;\">72:00<\/span> | Cambio de Chivas, se fue Zald\u00edvar e ingres\u00f3 Calder\u00f3n.<\/p>\n<p style=\"text-align: left;\"><span style=\"color: #ff0000;\">71:00<\/span>\u00a0| \u00a1Noooooo! La que se perdi\u00f3 Adri\u00e1n Luna, la ten\u00eda frente al arco y la mand\u00f3 por un lado.<\/p>\n<p style=\"text-align: left;\"><span style=\"color: #ff0000;\">68:00<\/span> | El Pelado est\u00e1 furioso porque sus pupilos se &#8220;durmieron&#8221; en el partido, de seguir as\u00ed les marcar\u00e1n el primero.<\/p>\n<p style=\"text-align: left;\"><span style=\"color: #ff0000;\">62:00<\/span> | Cuando Alb\u00edn se alistaba para disparar, S\u00e1nchez le rob\u00f3 la pelota.<\/p>\n<p style=\"text-align: left;\"><span style=\"color: #ff0000;\">59:00<\/span> | Cambio de Chivas, se va Edwin e ingresa la Chofis.<\/p>\n<p style=\"text-align: left;\"><span style=\"color: #ff0000;\">56:00<\/span> | Los jarochos cada vez acechan m\u00e1s el \u00e1rea rival, por eso Almeyda ya prepara una modificaci\u00f3n.<\/p>\n<p style=\"text-align: left;\"><span style=\"color: #ff0000;\">51:00<\/span> | Pulido por fin tiene una. El delantero la agarr\u00f3 de media vuelta, pero Melit\u00f3n estuvo perfecto.<\/p>\n<p style=\"text-align: left;\"><span style=\"color: #ff0000;\">47:00<\/span> | El Tibur\u00f3n sali\u00f3 m\u00e1s agresivo. De perder, Marini podr\u00eda salir del Puerto.<\/p>\n<p style=\"text-align: left;\"><span style=\"color: #ff0000;\">45:00<\/span> | Cambio del Veracruz, se va Keko por lesi\u00f3n e ingresa Juan P\u00e9rez.<\/p>\n<p style=\"text-align: left;\"><span style=\"color: #ff0000;\">45:00<\/span> | Inicia el segundo tiempo.<\/p>\n<p style=\"text-align: left;\"><span style=\"color: #ff0000;\">45:00<\/span> | Acaba el primer tiempo.<\/p>\n<p style=\"text-align: left;\"><span style=\"color: #ff0000;\">41:00<\/span> | Veracruz se cae a pedazos, pues el equipo se equivoca en todo.<\/p>\n<p><span style=\"color: #ff0000;\">37:00<\/span> | La presencia en las \u00e1reas baj\u00f3 a ser nula.<\/p>\n<p><span style=\"color: #ff0000;\">34:00<\/span> | Otro amonestado para los jarochos, \u00a0ahora es Alb\u00edn.<\/p>\n<p><span style=\"color: #ff0000;\">30:00<\/span> | Otro amonestado pero ahora de Chivas, es para Michael P\u00e9rez.<\/p>\n<p><span style=\"color: #ff0000;\">26:00<\/span> | El partido ya baj\u00f3 de ritmo, pues se torn\u00f3 en una pelea por el medio campo.<\/p>\n<p><span style=\"color: #ff0000;\">22:00<\/span> | \u00a1Nooooo! Keko ten\u00eda el contragolpe perfecto, pero su pase fue p\u00e9simo y se perdi\u00f3 la oportunidad.<\/p>\n<p><span style=\"color: #ff0000;\">20:00<\/span> | Leobardo deber\u00e1 tener cuidado porque ya se pint\u00f3 de amarillo.<\/p>\n<p><span style=\"color: #ff0000;\">15:00<\/span> | Vaya jugada que estaba armando Chivas y que termin\u00f3 en un disparo de Brizuela con atajad\u00f3n de Melit\u00f3n.<\/p>\n<p><span style=\"color: #ff0000;\">12:00<\/span> | El partido est\u00e1 de ida y vuelta pero nadie termina las jugadas.<\/p>\n<p><span style=\"color: #ff0000;\">08:00<\/span> | Luna mand\u00f3 centro venenoso pero S\u00e1nchez la sac\u00f3 de la l\u00ednea de meta.<\/p>\n<p><span style=\"color: #ff0000;\">06:00<\/span> | \u00a1Uy! Orbel\u00edn se qued\u00f3 a cent\u00edmetros de empujar la pelota.<\/p>\n<p><span style=\"color: #ff0000;\">02:00<\/span> | Desde el inicio, Chivas quiere imponer su estilo.<\/p>\n<p><span style=\"color: #ff0000;\">00:00<\/span> | Arranca el partido.<\/p>\n<p>Alineaci\u00f3n Veracruz:\u00a0Hern\u00e1ndez, Paganoni, Noya, L\u00f3pez, Rodr\u00edguez, Vidal, Pe\u00f1alba, Villalva, Luna, Alb\u00edn y Furch.<\/p>\n<p>Alineaci\u00f3n Chivas:\u00a0Cota, S\u00e1nchez, Mar\u00edn, Salcido, Hern\u00e1ndez, P\u00e9rez, Pineda, Brizuela, Cisneros, Zald\u00edvar y Pulido.<\/p>\n<p>\u00bfConseguir\u00e1 el Reba\u00f1o retomar el sendero del triunfo?<\/p>\n<p>Bienvenidos al minuto a minuto del Veracruz vs Chivas.<\/p>\n<p>En el Luis <em>Pirata<\/em> Fuente, se inicia la actividad de la jornada 11 del Apertura 2016, con el <strong><a href=\"http:\/\/futboltotal.com.mx\/equipos\/veracruz\/\" target=\"_blank\">Veracruz<\/a> vs <a href=\"http:\/\/futboltotal.com.mx\/equipos\/guadalajara\/\" target=\"_blank\">Chivas<\/a><\/strong>, donde ambos equipos buscar\u00e1n volver a la senda de la victoria luego de haber recibido dolorosos descalabros. Las acciones inician a las 21:00 horas del viernes 23 de septiembre<\/p>\n<p><strong>Veracruz<\/strong> tiene un problema m\u00e1s urgente, ya que est\u00e1 en zona de riesgo en la tabla del descenso, y recientemente el Puebla, que era rival directo, lo puso en mayores aprietos, tanto deportiva como institucionalmente, ya que el due\u00f1o del equipo, se vio metido en un hecho bochornoso en el estadio Cuauht\u00e9moc.<\/p>\n<p>Por su parte <strong>Chivas<\/strong>, dej\u00f3 de ser el equipo que sorprendi\u00f3 en el <em>Cl\u00e1sico Nacional<\/em>, pues el futbol que demostr\u00f3 ante Am\u00e9rica qued\u00f3 desaparecido ante Chiapas, Toluca y Tigres. S\u00f3lo ante el Jaguar lograron sumar unidades, pero se deb\u00eda, al mal momento del conjunto entonces dirigido por Jos\u00e9 Cardozo.<\/p>\n<p>Ambos equipos acumulan dos derrotas concecutivos, por eso este es un partido fundamental, considerando no solo los n\u00fameros porcentuales sino que, el torneo ya rebasa la mitad de su fase regular, por lo que el margen de error se reduce poco a poco.<\/p>\n<p><strong>Veracruz vs Chivas<\/strong>, \u00bfcu\u00e1l es tu pron\u00f3stico para este partido, <em>crack<\/em>?<\/p>\n","protected":false},"excerpt":{"rendered":"<p>El Tibur\u00f3n no pudo en casa<\/p>\n","protected":false},"author":20,"featured_media":431173,"comment_status":"closed","ping_status":"closed","sticky":false,"template":"","format":"standard","meta":[],"categories":[2198,3845],"tags":[70,6049],"_links":{"self":[{"href":"http:\/\/desarrollo.grupomedios.com\/futbol\/wp-json\/wp\/v2\/posts\/430705"}],"collection":[{"href":"http:\/\/desarrollo.grupomedios.com\/futbol\/wp-json\/wp\/v2\/posts"}],"about":[{"href":"http:\/\/desarrollo.grupomedios.com\/futbol\/wp-json\/wp\/v2\/types\/post"}],"author":[{"embeddable":true,"href":"http:\/\/desarrollo.grupomedios.com\/futbol\/wp-json\/wp\/v2\/users\/20"}],"replies":[{"embeddable":true,"href":"http:\/\/desarrollo.grupomedios.com\/futbol\/wp-json\/wp\/v2\/comments?post=430705"}],"version-history":[{"count":0,"href":"http:\/\/desarrollo.grupomedios.com\/futbol\/wp-json\/wp\/v2\/posts\/430705\/revisions"}],"wp:featuredmedia":[{"embeddable":true,"href":"http:\/\/desarrollo.grupomedios.com\/futbol\/wp-json\/wp\/v2\/media\/431173"}],"wp:attachment":[{"href":"http:\/\/desarrollo.grupomedios.com\/futbol\/wp-json\/wp\/v2\/media?parent=430705"}],"wp:term":[{"taxonomy":"category","embeddable":true,"href":"http:\/\/desarrollo.grupomedios.com\/futbol\/wp-json\/wp\/v2\/categories?post=430705"},{"taxonomy":"post_tag","embeddable":true,"href":"http:\/\/desarrollo.grupomedios.com\/futbol\/wp-json\/wp\/v2\/tags?post=430705"}],"curies":[{"name":"wp","href":"https:\/\/api.w.org\/{rel}","templated":true}]}}