{"id":430861,"date":"2016-09-22T09:50:12","date_gmt":"2016-09-22T14:50:12","guid":{"rendered":"https:\/\/www.futboltotal.com.mx\/?p=430861"},"modified":"2016-09-22T09:50:12","modified_gmt":"2016-09-22T14:50:12","slug":"ronaldo-poderoso-veloz-mortifero-increible","status":"publish","type":"post","link":"http:\/\/desarrollo.grupomedios.com\/futbol\/destacado-home\/ronaldo-poderoso-veloz-mortifero-increible\/2016\/09","title":{"rendered":"Ronaldo: poderoso, veloz, mort\u00edfero&#8230; \u00a1Incre\u00edble!"},"content":{"rendered":"<p>Poderoso, veloz, decisivo, mort\u00edfero, incre\u00edble, son algunos de los calificativos que <strong>Ronaldo<\/strong> se gan\u00f3 durante una carrera llena de \u00e9xitos, lesiones, sufrimientos, renacimiento y r\u00e9cords.<\/p>\n<p>La escena final de <em>Toro Salvaje<\/em>, (la pel\u00edcula dirigida por Martin Scorsese y protagonizada por Robert De Niro) impacta por partida doble: por el infame ep\u00edlogo de la carrera del boxeador Jake La Motta (alejado del cuadril\u00e1tero y convertido en variedad de cabaret), como por el estado f\u00edsico al que el otrora poderoso pugilista queda reducido: tremendamente gordo, con el rostro hinchado, alejado por completo de la imagen del gran campe\u00f3n que hab\u00eda sido. Un sentimiento similar produc\u00eda la imagen de <strong>Ronaldo<\/strong> la tarde de aquel 14 de febrero de 2011, en el centro\u00a0de entrenamientos del Corinthians.<\/p>\n<blockquote><p>El brasile\u00f1o hab\u00eda convocado a una rueda de prensa ah\u00ed para oficializar un anuncio: <strong><span style=\"color: #000000;\">&#8220;Hoy estoy cerrando mi carrera como jugador profesional&#8221;<\/span><\/strong>. La noticia hab\u00eda comenzado a circular d\u00edas antes, pues \u00e9l mismo hab\u00eda explicado a algunos medios: <strong>&#8220;Ya no puedo. Pienso una jugada pero ya no la ejecuto como quiero&#8221;<\/strong>.<\/p><\/blockquote>\n<p><iframe loading=\"lazy\" src=\"https:\/\/www.youtube.com\/embed\/uaL3umA6cNA\" frameborder=\"0\" allowfullscreen=\"allowfullscreen\"><\/iframe><\/p>\n<p>Igual que la estampa de La Motta en el cierre de <em>Toro Salvaje<\/em> no caza con la del peleador duro y contundente de anta\u00f1o, era dif\u00edcil conciliar la imagen de aquel <strong>Ronaldo<\/strong> rechoncho sentado ahora frente al micr\u00f3fono, con l\u00e1grimas corri\u00e9ndole por las mejillas y la voz entrecortada, con la del delantero potente, veloz, mort\u00edfero, que durante tantos a\u00f1os hab\u00eda aterrorizado defensas rivales.<\/p>\n<p>Aquel tipo obeso no pod\u00eda ser el mismo que en su \u00e9poca de esplendor hab\u00eda sido una m\u00e1quina de anotar, un mercenario del \u00e1rea que parec\u00eda construido con el prop\u00f3sito exclusivo de anidar la bola en las redes, capaz de conseguirlo sin importar cu\u00e1ntos rivales tuviera enfrente; rebasaba a uno por velocidad, dejaba sembrado a otro con un recorte, una bicicleta aqu\u00ed, un regate ac\u00e1, todo hasta plantarse frente al portero y entonces el gol. No por nada Jorge Valdano dijo alguna vez: <strong>&#8220;Cuando Ronaldo te ataca, es como si te atacara una manada de b\u00fafalos&#8221;<\/strong>.<\/p>\n<p>Eso s\u00ed, potencia no era lo \u00fanico que distingu\u00eda a <em>R9<\/em>; \u00c1ngel Cappa fue un poco m\u00e1s preciso: &#8220;Era un rinoceronte con habilidad&#8221;. El ejemplo perfecto lo hab\u00eda dado <em>Ronnie<\/em> casi 15 a\u00f1os antes de aquella triste conferencia de prensa.<\/p>\n<p>El 12 de octubre de 1996, los asistentes al estadio Multiusos de San L\u00e1zaro, en Compostela, Espa\u00f1a, tuvieron el privilegio de presenciar en directo una de las jugadas m\u00e1s espectaculares en la historia del futbol. Al minuto 37 del Compostela-Barcelona, <strong>Ronaldo<\/strong>, entonces <em>cul\u00e9<\/em>, baj\u00f3 m\u00e1s all\u00e1 del mediocampo, recuper\u00f3 la pelota y comenz\u00f3 luego un recorrido hacia el arco rival dejando rivales atr\u00e1s a base de t\u00e9cnica, rapidez e intuici\u00f3n, hasta batir al meta con un derechazo raso. Bobby Robson, t\u00e9cnico blaugrana, reaccion\u00f3 levant\u00e1ndose de su asiento y llev\u00e1ndose las manos a la cabeza, incr\u00e9dulo de lo que acababa de ver. <strong>&#8220;Ronaldo es como Pel\u00e9 de joven&#8221;<\/strong>, dijo el entrenador tras el juego.<\/p>\n<p><iframe loading=\"lazy\" src=\"https:\/\/www.youtube.com\/embed\/qE774yQX6uQ\" frameborder=\"0\" allowfullscreen=\"allowfullscreen\"><\/iframe><\/p>\n<p>Aquella jugada fue tan fant\u00e1stica que <strong>Nike<\/strong> la convirti\u00f3 en un comercial en el que se insinuaba que <strong>Ronaldo<\/strong> hab\u00eda pedido a los dioses del futbol que lo convirtieran en el mejor jugador del mundo. Y considerando lo vertiginoso que el ascenso del carioca hab\u00eda sido, podr\u00eda pensarse que era cierto.<\/p>\n<p style=\"text-align: center;\"><strong><span style=\"color: #ff0000;\">Despega R9<\/span><\/strong><\/p>\n<p>La parte final de la d\u00e9cada de los 80 fue una \u00e9poca dif\u00edcil para Sonia Nazario. En 1987,\u00a0se hab\u00eda separado de su esposo N\u00e9lio, y trabajaba m\u00e1s de 12 horas entre pizzer\u00edas y\u00a0supermercados para mantener a sus tres hijos: Nelinho, Ione y <strong>Ronaldo<\/strong>. Para colmo,\u00a0este \u00faltimo hac\u00eda las cosas m\u00e1s complicadas, pues se escapaba constantemente de la\u00a0escuela para irse a las calles del barrio Bento Ribeiro a jugar futbol, como a\u00f1os m\u00e1s\u00a0tarde contar\u00eda Sonia, quien no estaba de acuerdo con que su hijo diera tan poca\u00a0importancia a sus estudios: &#8220;No pod\u00eda aceptar el hecho de que solo jugara futbol, \u00bfqu\u00e9\u00a0clase de futuro tendr\u00eda as\u00ed?&#8221;.<\/p>\n<p>Para preocupaci\u00f3n de Sonia, el talento del <em>garoto<\/em> atrajo al club de futbol de sal\u00f3n\u00a0Valqueire, donde empez\u00f3 a jugar de portero, hasta que, conociendo su reputaci\u00f3n de\u00a0buen goleador, el t\u00e9cnico lo puso como delantero en un duelo que su escuadra termin\u00f3\u00a0ganando 5-4, con cuatro tantos de <strong>Ronaldo<\/strong>. Aquello llam\u00f3 la atenci\u00f3n de un equipo\u00a0m\u00e1s grande, el Social Ramos, donde el muchacho confirm\u00f3 su condici\u00f3n de\u00a0romperredes. Animado por ello, trat\u00f3 de dar el salto al futbol soccer y se fue a probar\u00a0al Flamengo, cuadro donde brillaba su \u00eddolo, Zico.<\/p>\n<p>Aquella experiencia result\u00f3 agridulce, pues aunque su talento fue suficiente para que\u00a0le dijeran &#8220;vuelve ma\u00f1ana&#8221;, no ten\u00eda el dinero suficiente para pagar el cami\u00f3n al d\u00eda\u00a0siguiente y ya no regres\u00f3. En vez de eso, fue a parar a las categor\u00edas infantiles del Sao\u00a0Crist\u00f3vao. Era 1990 cuando lleg\u00f3 ah\u00ed y tras un par de temporadas, su fama como\u00a0goleador lleg\u00f3 a o\u00eddos de un par de empresarios: Reinaldo Pitta y Alexandre Martins,\u00a0quienes aconsejados por el ex astro brasile\u00f1o Jairzinho pagaron 7\u00a0mil\u00a0500 euros por losderechos del chico al Sao Crist\u00f3vao, donde sigui\u00f3 jugando hasta 1993, cuando inici\u00f3 su\u00a0relaci\u00f3n con la selecci\u00f3n.<\/p>\n<p><iframe loading=\"lazy\" src=\"https:\/\/www.youtube.com\/embed\/zL8ZKQeYi9k\" frameborder=\"0\" allowfullscreen=\"allowfullscreen\"><\/iframe><\/p>\n<p>Ronnie fue convocado a la Sub-17 para disputar el Sudamericano de ese a\u00f1o y\u00a0aunque la <em>Canarinha<\/em> no calific\u00f3 al Mundial (termin\u00f3 en cuarto sitio), \u00e9l logr\u00f3 dos cosas:\u00a0su primer t\u00edtulo de goleo (ocho tantos) y su fichaje por Cruzeiro. Su progreso en este\u00a0club fue tal que en diciembre de 1993, cuando ten\u00eda 17 a\u00f1os, recibi\u00f3 su primer llamado\u00a0a la <em>Selecao<\/em> mayor, para un amistoso ante Argentina, y al a\u00f1o siguiente se meti\u00f3 en la\u00a0lista para el que ser\u00eda su primer Mundial: Estados Unidos 1994.<\/p>\n<p>Pese a que en aquel torneo no jug\u00f3 un solo minuto, el mismo <strong>Ronaldo<\/strong> ha se\u00f1alado lo\u00a0importante que result\u00f3 para \u00e9l asistir: &#8220;Ver a jugadores como Rom\u00e1rio y Bebeto fue\u00a0determinante para m\u00ed. Aprender c\u00f3mo se entrenaban y concentraban&#8221;. La experiencia\u00a0de <strong>Ronaldo Luiz<\/strong>, como se le conoc\u00eda entonces, fue coronada con la obtenci\u00f3n de la\u00a0Copa por Brasil. En los siguientes cuatro a\u00f1os, el carioca ir\u00eda cobrando m\u00e1s\u00a0protagonismo, hasta convertirse en la figura del <em>Scratch do Oro<\/em>\u00a0que acudir\u00eda a\u00a0Francia. Y para lograrlo, Ronnie tuvo que dar el salto a las ligas de Europa.<\/p>\n<p style=\"text-align: center;\"><strong><span style=\"color: #ff0000;\">El Fen\u00f3meno<\/span><\/strong><\/p>\n<p>Luego del Mundial en Estados Unidos, el PSV pag\u00f3 seis millones de euros por <strong>Ronaldo<\/strong>,\u00a0que se fue a vivir a Eindhoven con su madre, en un departamento que el club le dio.\u00a0Pese a que nunca aprendi\u00f3 holand\u00e9s y el clima de la ciudad no le gustaba, fue\u00a0goleador de la liga con 30 tantos en el ciclo 1994-95. Sin embargo, las cosas se\u00a0enfriaron m\u00e1s cuando Dick Advocaat lleg\u00f3 en el 95. El entrenador consideraba a\u00a0<strong>Ronaldo<\/strong> (quien al final segu\u00eda siendo un chico de 18 a\u00f1os) &#8220;inmaduro&#8221;, y al a\u00f1o\u00a0siguiente, cuando el delantero disputaba con Brasil los Ol\u00edmpicos de Atlanta, cumpli\u00f3\u00a0un sue\u00f1o. &#8220;Jugar\u00eda gratis en el Barcelona&#8221;, hab\u00eda dicho, y en Miami, en la\u00a0concentraci\u00f3n de la <em>Canarinha<\/em>, firm\u00f3 el convenio que lo llev\u00f3 a Catalu\u00f1a.<\/p>\n<p>Adem\u00e1s de dejar estampas como la de aquel gol contra el Compostela, <strong>Ronaldo<\/strong> fue\u00a0Pichichi de la campa\u00f1a 1996-97, la \u00fanica que pas\u00f3 en el Camp Nou. Pese a que era\u00a0feliz ah\u00ed, tanto fuera como dentro del campo, sus agentes no llegaron a un acuerdo\u00a0con el <em>Bar\u00e7a<\/em>, y el Inter de Mil\u00e1n aprovech\u00f3 para llevarse al que para entonces era ya\u00a0reconocido como el mejor delantero del mundo, por 24 millones de euros.<\/p>\n<p><iframe loading=\"lazy\" src=\"https:\/\/www.youtube.com\/embed\/xDCjsxrGy5U?feature=oembed\" frameborder=\"0\" allowfullscreen><\/iframe><\/p>\n<p>El valor comercial del brasile\u00f1o aumentaba al mismo tiempo que su popularidad como\u00a0figura de la <em>Canarinha<\/em>. El mismo a\u00f1o que se fue al Inter, <strong>Ronaldo<\/strong> conquist\u00f3 con su\u00a0selecci\u00f3n la Copa Am\u00e9rica y la Confederaciones, formando con Romario una dupla que\u00a0la prensa llam\u00f3 <em>Ro-Ro<\/em>. La experiencia de <em>O Baixinho<\/em> y el vigor de <em>Ronnie<\/em> promet\u00edan\u00a0buenas cosas para el Mundial de 1998 y Brasil era el candidato natural para llevarse la\u00a0Copa.<\/p>\n<p>Sin embargo, Romario fue cortado de la lista final para el torneo por una lesi\u00f3n, y el\u00a0principal peso ofensivo del <em>Scratch do Oro<\/em> recay\u00f3 entonces sobre <em>R9<\/em>, quien debut\u00f3\u00a0en Copas del Mundo en Francia. Aunque en fase de grupos s\u00f3lo marc\u00f3 una vez, ante\u00a0Marruecos, en octavos le clav\u00f3 un doblete a Chile e hizo uno m\u00e1s en la semifinal contra\u00a0Holanda. Tras un duro encuentro, con penales incluidos, Brasil logr\u00f3 el pase a la Final,\u00a0y pese a que enfrentar\u00eda a los locales, parti\u00f3 como favorito. Lo que sucedi\u00f3 ese d\u00eda\u00a0antes del duelo sigue siendo un misterio.<\/p>\n<p>En Francia 98, <strong>Ronaldo<\/strong> ten\u00eda 21 a\u00f1os. Segu\u00eda siendo muy joven, pero ya cargaba en\u00a0sus espaldas con la responsabilidad de ser la m\u00e1xima figura de su selecci\u00f3n y con las\u00a0expectativas del planeta del futbol, que esperaba verlo coronado levantando el trofeo\u00a0de aquella Copa. Adem\u00e1s, era la imagen de marcas como <strong>Nike<\/strong>, que ten\u00edan puestas en\u00a0\u00e9l muchas esperanzas de \u00e9xito econ\u00f3mico. Aunque antes del torneo \u00e9l hab\u00eda\u00a0asegurado: &#8220;Trato de estar calmado y olvidarme de toda la presi\u00f3n fuera del futbol&#8221;, lo\u00a0cierto es que no pod\u00eda apartarla del todo.<\/p>\n<p>Aunque nunca pudo comprobarse, quiz\u00e1 esa presi\u00f3n caus\u00f3 el drama ocurrido horas\u00a0antes de la Final. Su compa\u00f1ero de cuarto, Roberto Carlos, sali\u00f3 despavorido gritando\u00a0por el pasillo: <strong>\u201c\u00a1Ronaldo se muere!\u201d<\/strong>. Al mismo tiempo, el delantero se convulsionaba\u00a0sobre su cama, con los ojos en blanco y babeando. Lo que pas\u00f3 despu\u00e9s es todav\u00eda\u00a0confuso. Los m\u00e9dicos de la <em>Selecao<\/em> admitir\u00edan luego que la participaci\u00f3n del jugador en la Final no hab\u00eda sido prudente, pero no la impidieron. Zico, auxiliar entonces del\u00a0t\u00e9cnico brasile\u00f1o Mario <em>Lobo<\/em> Zagallo, se pronunci\u00f3 en la misma l\u00ednea\u2026 el hecho es que\u00a0<strong>Ronaldo<\/strong> apareci\u00f3 en la alineaci\u00f3n de <strong>Brasil<\/strong>, si bien en el campo fue un espectro que no\u00a0pudo impedir la ca\u00edda de los suyos por 3-0.<br \/>\n<iframe loading=\"lazy\" src=\"https:\/\/www.youtube.com\/embed\/imMQzo38APk\" frameborder=\"0\" allowfullscreen=\"allowfullscreen\"><\/iframe><br \/>\nZagallo se responsabiliz\u00f3 por la inclusi\u00f3n de <em>Ronnie<\/em> en el juego, aunque los rumores\u00a0indicaban que <strong>Nike<\/strong> hab\u00eda presionado a la Confederaci\u00f3n Brasile\u00f1a para que el astro\u00a0jugara. La empresa lo neg\u00f3, afirmando que la decisi\u00f3n hab\u00eda sido del propio jugador y su t\u00e9cnico, pero el halo de misterio nunca desapareci\u00f3 del todo. As\u00ed culmin\u00f3 la primera\u00a0participaci\u00f3n activa de <em>R9<\/em> en un Mundial. Pero tendr\u00eda revancha.<\/p>\n<p style=\"text-align: center;\"><strong><span style=\"color: #ff0000;\">Resurrecci\u00f3n<\/span><\/strong><\/p>\n<p>La derrota en Francia fue el inicio de una \u00e9poca obscura para <strong>Ronaldo<\/strong>. Aunque en\u00a01999 conquist\u00f3 su segunda Copa Am\u00e9rica, en la que adem\u00e1s fue Campe\u00f3n de goleo\u00a0con cinco tantos, en noviembre de ese a\u00f1o <strong>sufri\u00f3 una lesi\u00f3n en la rodilla derecha que\u00a0lo dej\u00f3 fuera de las canchas hasta abril del a\u00f1o siguiente<\/strong>\u2026 pero cuando volvi\u00f3, las\u00a0cosas s\u00f3lo empeoraron: en el mismo partido de su vuelta, en un duelo de Copa con el\u00a0Inter, su rodilla se trab\u00f3 y se despedaz\u00f3 por completo. &#8220;\u00a1Es igual que la otra vez!&#8221; lloraba mientras yac\u00eda tirado en el suelo, presintiendo lo que vendr\u00eda.<\/p>\n<p>Sin embargo, el <em>Fen\u00f3meno<\/em> demostr\u00f3 entonces que adem\u00e1s de un talento nato para\u00a0hacer goles, ten\u00eda una voluntad inmensa. Aunque tuvo que esperar 15 meses, y contra\u00a0los pron\u00f3sticos de que no volver\u00eda a jugar, volvi\u00f3 a las canchas, y lo hizo justo a\u00a0tiempo para que Luiz Felipe Scolari lo incluyera en el grupo que ir\u00eda a Corea-Jap\u00f3n\u00a02002, el tercer Mundial de <em>Ronnie<\/em>.<\/p>\n<p>La preocupaci\u00f3n en <strong>Brasil<\/strong> era que el atacante no estuviera en forma, luego de tanta\u00a0inactividad, como recuerda Scolari: &#8220;Dijeron que no deb\u00eda llevarlo, que no estar\u00eda en\u00a0plenitud f\u00edsica ni futbol\u00edstica&#8221;. Pero <em>Felipao<\/em> ten\u00eda un argumento suficiente para incluir al\u00a09 en su equipo: \u201cPod\u00eda meter goles con los ojos cerrados\u201d. <strong>Ronaldo<\/strong> dio fe de ello en el\u00a0torneo, en el que se consagr\u00f3 l\u00edder de goleo con ocho conquistas, dos de ellas en la Final ante Alemania.<\/p>\n<p><a href=\"https:\/\/www.futboltotal.com.mx\/wp-content\/uploads\/2016\/09\/ronaldo-3.jpg\"><img decoding=\"async\" loading=\"lazy\" class=\"alignnone size-full wp-image-430865\" src=\"https:\/\/www.futboltotal.com.mx\/wp-content\/uploads\/2016\/09\/ronaldo-3.jpg\" alt=\"ronaldo-3\" srcset=\"http:\/\/desarrollo.grupomedios.com\/futbol\/wp-content\/uploads\/2016\/09\/ronaldo-3.jpg 858w, http:\/\/desarrollo.grupomedios.com\/futbol\/wp-content\/uploads\/2016\/09\/ronaldo-3-300x151.jpg 300w, http:\/\/desarrollo.grupomedios.com\/futbol\/wp-content\/uploads\/2016\/09\/ronaldo-3-768x386.jpg 768w, http:\/\/desarrollo.grupomedios.com\/futbol\/wp-content\/uploads\/2016\/09\/ronaldo-3-340x171.jpg 340w\" sizes=\"(max-width: 858px) 100vw, 858px\" \/><\/a><\/p>\n<p>Si cuatro a\u00f1os antes el <em>Fen\u00f3meno<\/em> hab\u00eda faltado a la cita decisiva, en 2002 pag\u00f3 con\u00a0creces. Esa noche en Yokohama no solo marc\u00f3 un doblete, sino que le grit\u00f3 al mundo\u00a0que segu\u00eda vivo. Lo hizo tras el 2-0, con una enorme sonrisa y los brazos abiertos,\u00a0como para recibir de vuelta la gloria que las lesiones hab\u00edan querido quitarle, sin \u00e9xito.<\/p>\n<p>Y no ser\u00eda esa la \u00faltima huella que <em>Ronnie<\/em> dejar\u00eda en la historia de las Copas del\u00a0Mundo. En 2006, ya como parte del Real Madrid (club con el que hab\u00eda vuelto a ganar\u00a0un Pichichi y por fin hab\u00eda conquistado una liga europea), <em>R9<\/em> se preparaba para vivir\u00a0su cuarto Mundial. No estaba libre de cr\u00edticas. Ahora, se dec\u00eda que estaba gordo. Pero\u00a0lejos de preocuparse por las cr\u00edticas, \u00e9l era optimista. En una entrevista en mayo de\u00a0ese a\u00f1o confes\u00f3 que lo que m\u00e1s le preguntaba la gente era si <strong>Brasil<\/strong> ganar\u00eda la Copa: &#8220;Yo les respondo que s\u00ed&#8221;.<\/p>\n<p>No pudo cumplir esa promesa, pues un viejo fantasma, el de Francia, se apareci\u00f3 en el camino de la <em>Verdeamarelha<\/em> en cuartos y la elimin\u00f3. Pero a\u00fan con esa pena, <em>Ronnie<\/em>\u00a0tuvo tiempo de grabar su nombre con m\u00e1s profundidad en la leyenda de los Mundiales.<\/p>\n<p>Dos tantos contra Jap\u00f3n en fase de grupos (el primero de ellos de cabeza, un recurso\u00a0que no usaba mucho para anotar, pues, seg\u00fan dec\u00eda, prefer\u00eda \u201cusarla para pensar\u201d) y\u00a0uno ante Ghana en octavos convirtieron a <strong>Ronaldo en el m\u00e1ximo goleador en Copas\u00a0del Mundo<\/strong>, con 15 tantos (tiempo despu\u00e9s fue superado por el alem\u00e1n Miroslav Klose). Y el n\u00famero 15 mostr\u00f3 tambi\u00e9n uno de los recursos que\u00a0mejor explotaba el <em>Fen\u00f3meno<\/em>: una bicicleta que mand\u00f3 al portero a su derecha y\u00a0permiti\u00f3 al carioca clavarse a la izquierda solo, listo para enviar la pelota suavemente\u00a0al arco abierto. Esa fue la \u00faltima imagen de gloria que dej\u00f3 el 9 m\u00e1s peligroso en la\u00a0historia del Mundial.<\/p>\n<p><iframe loading=\"lazy\" src=\"https:\/\/www.youtube.com\/embed\/BC626E-hBNM\" frameborder=\"0\" allowfullscreen=\"allowfullscreen\"><\/iframe><\/p>\n<p style=\"text-align: center;\"><strong><span style=\"color: #ff0000;\">&#8220;No puedo m\u00e1s&#8221;<\/span><\/strong><\/p>\n<p>Tras la Copa de 2006, <strong>Ronaldo<\/strong> dej\u00f3 al Madrid y se fue al Mil\u00e1n, donde las lesiones\u00a0mermaron su actividad. En 2008, su rodilla izquierda revent\u00f3 y lo dej\u00f3 fuera de\u00a0circulaci\u00f3n otra vez. A finales de ese a\u00f1o, se despidi\u00f3 de Europa y regres\u00f3 a Brasil con\u00a0el Corinthians. Su sobrepeso era cada vez m\u00e1s evidente y en 2011, en la conferencia\u00a0en la que anunci\u00f3 su adi\u00f3s, revel\u00f3 que en Mil\u00e1n hab\u00eda descubierto el por qu\u00e9: <strong>\u201cSufro\u00a0hipotiroidismo y para combatirlo tendr\u00eda que tomar sustancias prohibidas en el futbol\u201d<\/strong>.<\/p>\n<p><a href=\"https:\/\/www.futboltotal.com.mx\/wp-content\/uploads\/2016\/09\/Ronaldo.jpg\"><img decoding=\"async\" loading=\"lazy\" class=\"alignnone size-full wp-image-430862\" src=\"https:\/\/www.futboltotal.com.mx\/wp-content\/uploads\/2016\/09\/Ronaldo.jpg\" alt=\"ronaldo\" srcset=\"http:\/\/desarrollo.grupomedios.com\/futbol\/wp-content\/uploads\/2016\/09\/Ronaldo.jpg 858w, http:\/\/desarrollo.grupomedios.com\/futbol\/wp-content\/uploads\/2016\/09\/Ronaldo-300x151.jpg 300w, http:\/\/desarrollo.grupomedios.com\/futbol\/wp-content\/uploads\/2016\/09\/Ronaldo-768x386.jpg 768w, http:\/\/desarrollo.grupomedios.com\/futbol\/wp-content\/uploads\/2016\/09\/Ronaldo-340x171.jpg 340w\" sizes=\"(max-width: 858px) 100vw, 858px\" \/><\/a><\/p>\n<p>Las palabras sal\u00edan con tristeza, acompa\u00f1adas de sus l\u00e1grimas. \u201cEs muy duro\u00a0abandonar algo que me hizo tan feliz, que tanto am\u00e9 y con lo que quer\u00eda seguir,\u00a0porque psicol\u00f3gicamente quiero hacerlo, pero tengo que asumir algunas derrotas.\u00a0Perd\u00ed contra mi cuerpo\u201d. Se hab\u00eda levantado otras veces, pero hab\u00eda llegado el punto\u00a0en que su cuerpo canalla se convirti\u00f3 en su verdugo. Pero no fue una derrota absoluta.\u00a0No. Pese a que detr\u00e1s de aquel escritorio se ve\u00eda a un tipo de rostro redondo, obeso, la\u00a0estampa que qued\u00f3 en el imaginario colectivo del balompi\u00e9 es la de aquella manada de\u00a0b\u00fafalos disfrazada de un solo hombre, potente pero gr\u00e1cil, capaz de deshacerse de\u00a0cuantos adversarios fuera necesario para cumplir con su misi\u00f3n: el gol.<\/p>\n<h4><span style=\"color: #800000;\">Ni el tiempo ni\u00a0el sobrepeso podr\u00edan derrotar a aquel portento conocido como <strong>Ronaldo<\/strong>. Qu\u00e9\u00a0<em>Fen\u00f3meno<\/em> era&#8230;<\/span><\/h4>\n<p><em>Revista Futbol Total Agosto 2013<\/em><\/p>\n","protected":false},"excerpt":{"rendered":"<p>El astro brasile\u00f1o cumple 40 a\u00f1os y, aunque ya colg\u00f3 la camiseta, conserva la etiqueta de Fen\u00f3meno<\/p>\n","protected":false},"author":20,"featured_media":430867,"comment_status":"closed","ping_status":"closed","sticky":false,"template":"","format":"standard","meta":[],"categories":[5,3839],"tags":[7438],"_links":{"self":[{"href":"http:\/\/desarrollo.grupomedios.com\/futbol\/wp-json\/wp\/v2\/posts\/430861"}],"collection":[{"href":"http:\/\/desarrollo.grupomedios.com\/futbol\/wp-json\/wp\/v2\/posts"}],"about":[{"href":"http:\/\/desarrollo.grupomedios.com\/futbol\/wp-json\/wp\/v2\/types\/post"}],"author":[{"embeddable":true,"href":"http:\/\/desarrollo.grupomedios.com\/futbol\/wp-json\/wp\/v2\/users\/20"}],"replies":[{"embeddable":true,"href":"http:\/\/desarrollo.grupomedios.com\/futbol\/wp-json\/wp\/v2\/comments?post=430861"}],"version-history":[{"count":0,"href":"http:\/\/desarrollo.grupomedios.com\/futbol\/wp-json\/wp\/v2\/posts\/430861\/revisions"}],"wp:featuredmedia":[{"embeddable":true,"href":"http:\/\/desarrollo.grupomedios.com\/futbol\/wp-json\/wp\/v2\/media\/430867"}],"wp:attachment":[{"href":"http:\/\/desarrollo.grupomedios.com\/futbol\/wp-json\/wp\/v2\/media?parent=430861"}],"wp:term":[{"taxonomy":"category","embeddable":true,"href":"http:\/\/desarrollo.grupomedios.com\/futbol\/wp-json\/wp\/v2\/categories?post=430861"},{"taxonomy":"post_tag","embeddable":true,"href":"http:\/\/desarrollo.grupomedios.com\/futbol\/wp-json\/wp\/v2\/tags?post=430861"}],"curies":[{"name":"wp","href":"https:\/\/api.w.org\/{rel}","templated":true}]}}