{"id":430873,"date":"2016-09-22T08:00:10","date_gmt":"2016-09-22T13:00:10","guid":{"rendered":"https:\/\/www.futboltotal.com.mx\/?p=430873"},"modified":"2016-09-22T10:13:11","modified_gmt":"2016-09-22T15:13:11","slug":"landon-donovan-podria-regresar-a-la-seleccion-eu","status":"publish","type":"post","link":"http:\/\/desarrollo.grupomedios.com\/futbol\/destacado-home\/landon-donovan-podria-regresar-a-la-seleccion-eu\/2016\/09","title":{"rendered":"Landon Donovan podr\u00eda regresar a la selecci\u00f3n de EU"},"content":{"rendered":"<p>Despu\u00e9s de que anunci\u00f3 su regres\u00f3 a las canchas con el LA Galaxy y el pasado domingo anotara frente al Sporting Kansas City, el hist\u00f3rico delantero estadounidense, <strong>Landon Donovan<\/strong>, coment\u00f3 que podr\u00eda estar de vuelta con la <strong>Selecci\u00f3n de Estados Unidos<\/strong> para encarar la eliminatoria rumbo a Rusia 2018.<\/p>\n<blockquote class=\"twitter-tweet\" data-lang=\"es\">\n<p dir=\"ltr\" lang=\"en\">Good luck today boys!! <a href=\"https:\/\/twitter.com\/hashtag\/USA?src=hash\">#USA<\/a> <a href=\"https:\/\/twitter.com\/hashtag\/USAvVIN?src=hash\">#USAvVIN<\/a> <a href=\"https:\/\/twitter.com\/hashtag\/USMNT?src=hash\">#USMNT<\/a> <a href=\"https:\/\/twitter.com\/ussoccer\">@ussoccer<\/a> <a href=\"https:\/\/twitter.com\/AmericanOutlaws\">@AmericanOutlaws<\/a><\/p>\n<p>\u2014 Landon Donovan (@landondonovan) <a href=\"https:\/\/twitter.com\/landondonovan\/status\/771724162083659776\">2 de septiembre de 2016<\/a><\/p><\/blockquote>\n<p><script async src=\"\/\/platform.twitter.com\/widgets.js\" charset=\"utf-8\"><\/script><\/p>\n<p>A pesar de que en los dos juegos los\u00a0<em>gal\u00e1cticos\u00a0<\/em>Los \u00c1ngeles se le vio ingresar de gran forma, <strong>Donovan<\/strong> confes\u00f3 que solo regresar\u00eda con el conjunto de las\u00a0<em>barras y las estrellas\u00a0<\/em>si se siente en un nivel optimo para aportar al equipo.<\/p>\n<blockquote><p>&#8220;\u00bfSi siento que en verdad puedo ayudar y contribuir? Entonces s\u00ed, por supuesto (que aceptar\u00eda la convocatoria de\u00a0J\u00fcrgen Klinsmann). Eso est\u00e1 a un mill\u00f3n de millas de distancia, he jugado un total de 20 minutos en dos a\u00f1os&#8221;, coment\u00f3 en entrevista para \u00a0el programa\u00a0<em>The Dan Patrick Show.<\/em><\/p><\/blockquote>\n<p>El m\u00e1ximo goleador de <strong>Estados Unidos<\/strong> tambi\u00e9n habl\u00f3 sobre la posibilidad de unirse al cuerpo t\u00e9cnico del timonel alem\u00e1n en su selecci\u00f3n, aunque dud\u00f3 que pudiera hacerlo, pues tambi\u00e9n ha habido rumores sobre la mala relaci\u00f3n que llevan luego de que <strong>Donovan<\/strong> quedara fuera del Mundial de 2014.<\/p>\n<p>La \u00faltima vez que <strong>Donovan<\/strong> visti\u00f3 la camiseta de su selecci\u00f3n fue en 2014, cuando los estadounidenses empataron 1-1 con Ecuador.<\/p>\n<p style=\"text-align: center;\"><strong><span style=\"color: #3366ff;\">LEER M\u00c1S:\u00a0<a style=\"color: #3366ff;\" href=\"https:\/\/www.futboltotal.com.mx\/2016\/09\/ronaldo-poderoso-veloz-mortifero-increible\/\">Ronaldo: poderoso, veloz, mort\u00edfero\u2026 \u00a1Incre\u00edble!<\/a><\/span><\/strong><\/p>\n<p><iframe loading=\"lazy\" src=\"https:\/\/www.youtube.com\/embed\/RKt9lYLJ9RM?feature=oembed\" frameborder=\"0\" allowfullscreen><\/iframe><\/p>\n","protected":false},"excerpt":{"rendered":"<p>Donovan confes\u00f3 que su regreso depender\u00e1 de c\u00f3mo se sienta<\/p>\n","protected":false},"author":20,"featured_media":405210,"comment_status":"closed","ping_status":"closed","sticky":false,"template":"","format":"standard","meta":[],"categories":[5,3839],"tags":[7277],"_links":{"self":[{"href":"http:\/\/desarrollo.grupomedios.com\/futbol\/wp-json\/wp\/v2\/posts\/430873"}],"collection":[{"href":"http:\/\/desarrollo.grupomedios.com\/futbol\/wp-json\/wp\/v2\/posts"}],"about":[{"href":"http:\/\/desarrollo.grupomedios.com\/futbol\/wp-json\/wp\/v2\/types\/post"}],"author":[{"embeddable":true,"href":"http:\/\/desarrollo.grupomedios.com\/futbol\/wp-json\/wp\/v2\/users\/20"}],"replies":[{"embeddable":true,"href":"http:\/\/desarrollo.grupomedios.com\/futbol\/wp-json\/wp\/v2\/comments?post=430873"}],"version-history":[{"count":0,"href":"http:\/\/desarrollo.grupomedios.com\/futbol\/wp-json\/wp\/v2\/posts\/430873\/revisions"}],"wp:featuredmedia":[{"embeddable":true,"href":"http:\/\/desarrollo.grupomedios.com\/futbol\/wp-json\/wp\/v2\/media\/405210"}],"wp:attachment":[{"href":"http:\/\/desarrollo.grupomedios.com\/futbol\/wp-json\/wp\/v2\/media?parent=430873"}],"wp:term":[{"taxonomy":"category","embeddable":true,"href":"http:\/\/desarrollo.grupomedios.com\/futbol\/wp-json\/wp\/v2\/categories?post=430873"},{"taxonomy":"post_tag","embeddable":true,"href":"http:\/\/desarrollo.grupomedios.com\/futbol\/wp-json\/wp\/v2\/tags?post=430873"}],"curies":[{"name":"wp","href":"https:\/\/api.w.org\/{rel}","templated":true}]}}