{"id":430888,"date":"2016-09-22T12:51:00","date_gmt":"2016-09-22T17:51:00","guid":{"rendered":"https:\/\/www.futboltotal.com.mx\/?p=430888"},"modified":"2016-09-22T16:37:12","modified_gmt":"2016-09-22T21:37:12","slug":"falcao-continua-hostpitalizado-traumatismo-craneal","status":"publish","type":"post","link":"http:\/\/desarrollo.grupomedios.com\/futbol\/futbol-internacional\/falcao-continua-hostpitalizado-traumatismo-craneal\/2016\/09","title":{"rendered":"Falcao contin\u00faa hospitalizado por traumatismo craneal"},"content":{"rendered":"<p>El delantero colombiano del M\u00f3naco <strong>Radamel Falcao<\/strong> <a href=\"https:\/\/www.futboltotal.com.mx\/2016\/09\/falcao-termina-en-el-hospital\/\" target=\"_blank\">sigue hospitalizado<\/a> en un centro del Principado tras haber sufrido un fuerte golpe en la cabeza en el encuentro de anoche contra el Niza que le caus\u00f3 un traumatismo craneal, inform\u00f3 hoy el entrenador del equipo, el portugu\u00e9s Leonardo Jardim.<\/p>\n<p><strong>Falcao<\/strong> sufri\u00f3 una &#8220;conmoci\u00f3n cerebral&#8221; que implica una hospitalizaci\u00f3n de al menos 24 horas para seguir su evoluci\u00f3n, precis\u00f3 el t\u00e9cnico.<\/p>\n<p style=\"text-align: center;\"><strong><span style=\"color: #3366ff;\">LEER M\u00c1S:\u00a0<a style=\"color: #3366ff;\" href=\"https:\/\/www.futboltotal.com.mx\/2016\/09\/ancelotti-elogia-a-zidane\/\"> Ancelotti elogia a Zidane<\/a><\/span><\/strong><\/p>\n<p>El exjugador del Atl\u00e9tico de Madrid, entre otros, se encuentra ingresado en el hospital Princesa Grace de M\u00f3naco.<\/p>\n<blockquote class=\"twitter-tweet\" data-lang=\"es\">\n<p dir=\"ltr\" lang=\"es\">\nNos llega el m\u00e1s reciente reporte m\u00e9dico de <a href=\"https:\/\/twitter.com\/FALCAO\">@FALCAO<\/a> quien sigue bajo observaci\u00f3n.<br \/>\n: <a href=\"https:\/\/t.co\/IPqdQItF1e\">https:\/\/t.co\/IPqdQItF1e<\/a> <a href=\"https:\/\/t.co\/woSXOKlpRi\">pic.twitter.com\/woSXOKlpRi<\/a><\/p>\n<p>\u2014 AS Monaco ES (@AS_Monaco_ES) <a href=\"https:\/\/twitter.com\/AS_Monaco_ES\/status\/778982210401554433\">22 de septiembre de 2016<\/a><\/p><\/blockquote>\n<p><script async src=\"\/\/platform.twitter.com\/widgets.js\" charset=\"utf-8\"><\/script><\/p>\n<p>El atacante choc\u00f3 de forma violenta con el portero del Niza Yoann Cardinale y tuvo que abandonar el terreno de juego durante el partido en el que el equipo monegasco perdi\u00f3 4-0.<\/p>\n<p>Jardim, que vio que con esa derrota el Niza le arrebataba el liderato de la primera divisi\u00f3n francesa, se quej\u00f3 de que la acci\u00f3n en la que result\u00f3 lesionado <strong>Falcao<\/strong>, que defini\u00f3 como &#8220;un placaje de rugby&#8221;, ni siquiera fue sancionada por el colegiado del partido.<\/p>\n<p style=\"text-align: center;\"><strong><span style=\"color: #3366ff;\">LEER M\u00c1S:\u00a0<a style=\"color: #3366ff;\" href=\"https:\/\/www.futboltotal.com.mx\/2016\/09\/ricardo-la-volpe-nuevo-tecnico-del-america\/\">\u00a1Am\u00e9rica ya tiene nuevo director t\u00e9cnico!<\/a><\/span><\/strong><\/p>\n<p><iframe loading=\"lazy\" src=\"https:\/\/www.youtube.com\/embed\/9_YMk39IPUs?feature=oembed\" frameborder=\"0\" allowfullscreen><\/iframe><\/p>\n<blockquote><p>&#8220;Los \u00e1rbitros deber\u00edan tener cuidado y sancionar estas acciones. En cualquier pa\u00eds de Europa hubiera sido tarjeta roja. Cuando un jugador sufre ese riesgo tiene que haber una sanci\u00f3n&#8221;, indic\u00f3 el t\u00e9cnico luso.<\/p><\/blockquote>\n","protected":false},"excerpt":{"rendered":"<p>Falcao sufri\u00f3 un fuerte golpe en la cabeza en el encuentro contra el Niza<\/p>\n","protected":false},"author":20,"featured_media":412706,"comment_status":"closed","ping_status":"closed","sticky":false,"template":"","format":"standard","meta":[],"categories":[3839,5951],"tags":[4902],"_links":{"self":[{"href":"http:\/\/desarrollo.grupomedios.com\/futbol\/wp-json\/wp\/v2\/posts\/430888"}],"collection":[{"href":"http:\/\/desarrollo.grupomedios.com\/futbol\/wp-json\/wp\/v2\/posts"}],"about":[{"href":"http:\/\/desarrollo.grupomedios.com\/futbol\/wp-json\/wp\/v2\/types\/post"}],"author":[{"embeddable":true,"href":"http:\/\/desarrollo.grupomedios.com\/futbol\/wp-json\/wp\/v2\/users\/20"}],"replies":[{"embeddable":true,"href":"http:\/\/desarrollo.grupomedios.com\/futbol\/wp-json\/wp\/v2\/comments?post=430888"}],"version-history":[{"count":0,"href":"http:\/\/desarrollo.grupomedios.com\/futbol\/wp-json\/wp\/v2\/posts\/430888\/revisions"}],"wp:featuredmedia":[{"embeddable":true,"href":"http:\/\/desarrollo.grupomedios.com\/futbol\/wp-json\/wp\/v2\/media\/412706"}],"wp:attachment":[{"href":"http:\/\/desarrollo.grupomedios.com\/futbol\/wp-json\/wp\/v2\/media?parent=430888"}],"wp:term":[{"taxonomy":"category","embeddable":true,"href":"http:\/\/desarrollo.grupomedios.com\/futbol\/wp-json\/wp\/v2\/categories?post=430888"},{"taxonomy":"post_tag","embeddable":true,"href":"http:\/\/desarrollo.grupomedios.com\/futbol\/wp-json\/wp\/v2\/tags?post=430888"}],"curies":[{"name":"wp","href":"https:\/\/api.w.org\/{rel}","templated":true}]}}