{"id":430906,"date":"2016-09-22T15:41:43","date_gmt":"2016-09-22T20:41:43","guid":{"rendered":"https:\/\/www.futboltotal.com.mx\/?p=430906"},"modified":"2016-09-22T17:17:22","modified_gmt":"2016-09-22T22:17:22","slug":"11-ideal-la-jornada-10-apertura-2016","status":"publish","type":"post","link":"http:\/\/desarrollo.grupomedios.com\/futbol\/futbol-mexicano\/11-ideal-la-jornada-10-apertura-2016\/2016\/09","title":{"rendered":"El 11 ideal de la jornada 10 | Apertura 2016"},"content":{"rendered":"<p>La fecha de media semana dej\u00f3 una cuota de 27 goles, de los cuales, 13 se dieron en tan solo dos partidos que tuvieron festival de anotaciones, el <a href=\"https:\/\/www.futboltotal.com.mx\/2016\/09\/golea-despierta-campeon-pachuca\/\" target=\"_blank\">Morelia vs Pachuca<\/a>, y el <a href=\"https:\/\/www.futboltotal.com.mx\/2016\/09\/resultado-liga-mx-monterrey-5-2-santos\/\" target=\"_blank\">Monterrey vs Santos<\/a>; esos dos encuentros fueron los m\u00e1s atractivos, por encima del <a href=\"https:\/\/www.futboltotal.com.mx\/2016\/09\/en-vivo-chivas-vs-tigres-liga-mx-2\/\" target=\"_blank\">Chivas vs Tigres<\/a> y <a href=\"https:\/\/www.futboltotal.com.mx\/2016\/09\/america-no-pudo-con-el-necaxa\/\" target=\"_blank\">Necaxa vs Am\u00e9rica<\/a>, de los que se especulaba mucho. Al final, la<strong> jornada 10<\/strong> dej\u00f3 a este <strong>11 ideal<\/strong> de destacados futbolistas.<\/p>\n<p style=\"text-align: center;\"><span style=\"color: #3366ff;\"><a style=\"color: #3366ff;\" href=\"https:\/\/www.futboltotal.com.mx\/2016\/09\/dayro-moreno-suelta-liderato-goleo\/\" target=\"_blank\"><strong>LEER M\u00c1S: El resumen de la jornada 10<\/strong><\/a><\/span><\/p>\n<p><a href=\"https:\/\/www.futboltotal.com.mx\/wp-content\/uploads\/2016\/09\/11ideal101_opt.jpg\"><img decoding=\"async\" loading=\"lazy\" class=\"size-full wp-image-430960 aligncenter\" src=\"https:\/\/www.futboltotal.com.mx\/wp-content\/uploads\/2016\/09\/11ideal101_opt.jpg\" alt=\"11ideal101_opt\" srcset=\"http:\/\/desarrollo.grupomedios.com\/futbol\/wp-content\/uploads\/2016\/09\/11ideal101_opt.jpg 858w, http:\/\/desarrollo.grupomedios.com\/futbol\/wp-content\/uploads\/2016\/09\/11ideal101_opt-213x300.jpg 213w, http:\/\/desarrollo.grupomedios.com\/futbol\/wp-content\/uploads\/2016\/09\/11ideal101_opt-768x1083.jpg 768w, http:\/\/desarrollo.grupomedios.com\/futbol\/wp-content\/uploads\/2016\/09\/11ideal101_opt-726x1024.jpg 726w\" sizes=\"(max-width: 858px) 100vw, 858px\" \/><\/a><\/p>\n<p><strong>Liborio S\u00e1nchez | <a href=\"http:\/\/www.futboltotal.com.mx\/equipos\/chiapas\/\" target=\"_blank\">Chiapas<\/a><\/strong> | Si Le\u00f3n no pudo vencer al <em>Jaguar<\/em> en casa, se debi\u00f3 a Liborio, que evit\u00f3 varios goles que eran cantados.<\/p>\n<p><strong>Paolo Goltz | <a href=\"http:\/\/www.futboltotal.com.mx\/equipos\/america\/\" target=\"_blank\">Am\u00e9rica<\/a><\/strong> | El zaguero de las <em>\u00c1guilas<\/em> es central; sin embargo, debido a que en muchas ocasiones Bruno Valdez dej\u00f3 espacios, tuvo que hacer recorridos y se not\u00f3 m\u00e1s que el <em>guaran\u00ed<\/em>, en la banda izquierda.<\/p>\n<p><strong>Dar\u00edo Ver\u00f3n | <a href=\"http:\/\/www.futboltotal.com.mx\/equipos\/unam\/\" target=\"_blank\">Pumas<\/a><\/strong> | El l\u00edder de la defensa <em>auriazul<\/em> se hizo presente en el marcador, para comandar la victoria sobre los <em>rojinegros.<\/em><\/p>\n<p><strong>Robert Herrera | <a href=\"http:\/\/www.futboltotal.com.mx\/equipos\/puebla\/\" target=\"_blank\">Puebla<\/a><\/strong> | Siempre hace un trabajo ejemplar, pero en esta ocasi\u00f3n, anot\u00f3 el gol de la voltereta sobre los <em>Tiburones.<\/em><\/p>\n<p><strong>Brayan Beckeles | <a href=\"http:\/\/www.futboltotal.com.mx\/equipos\/necaxa\/\" target=\"_blank\">Necaxa<\/a> |<\/strong> Fue el mejor hombre de los <em>Rayos<\/em>, pues detuvo constantes avances <em>azulcremas<\/em> y se sum\u00f3 al ataque en reiteradas ocasiones; s\u00f3lo en una jugada se le escap\u00f3 Arroyo, y por fortuna, el ecuatoriano no anot\u00f3.<\/p>\n<p><strong>Carlos S\u00e1nchez |\u00a0<a href=\"http:\/\/www.futboltotal.com.mx\/equipos\/monterrey\/\" target=\"_blank\">Monterrey<\/a><\/strong> | Cuando <em>el charr\u00faa<\/em> se encuentra en gran nivel, suele hacer que su equipo ataque con mucha confianza. Ahora anot\u00f3 y dio asistencia para la goleada sobre Santos.<\/p>\n<p><strong>Pablo Barrientos |\u00a0<a href=\"http:\/\/www.futboltotal.com.mx\/equipos\/toluca\/\" target=\"_blank\">Toluca<\/a><\/strong> | Por tercer partido consecutivo, el mediocampista de <em>los Diablos<\/em> se convirti\u00f3 en factor para que su equipo sumara puntos.<\/p>\n<p><strong>Erick Guti\u00e9rrez |\u00a0<a href=\"http:\/\/www.futboltotal.com.mx\/equipos\/pachuca\/\" target=\"_blank\">Pachuca<\/a><\/strong> | Con un golazo y una gran asistencia, el joven <em>Tuzo<\/em> comand\u00f3 el asalt\u00f3 al Morelos.<\/p>\n<p><strong>Franco Jara |\u00a0Pachuca<\/strong> | Con doblete, el ariete <em>Tuzo<\/em> volvi\u00f3 a ser protagonista para que su equipo retomara el paso en el torneo.<\/p>\n<p><strong>Mat\u00edas Alustiza |\u00a0Puebla<\/strong> |\u00a0Asumi\u00f3 el liderazgo que com\u00fanmente tiene con <em>la Franja<\/em>, pero ahora no s\u00f3lo moral sino deportivamente, pues sus dos goles, fueron de gran ayuda para sumar tres puntos.<\/p>\n<p><strong>Dorlan Pab\u00f3n | Monterrey |<\/strong> El delantero colombiano fue el mejor hombre de ataque de <em>Rayados<\/em>. S\u00f3lo hizo un gol pero fue el hombre que m\u00e1s intent\u00f3 hacia el marco.<\/p>\n<p><span style=\"color: #ff0000;\"><strong>VIDEO: Mejores goles de la jornada 10<\/strong><\/span><\/p>\n<p>[video_player]https:\/\/player.vimeo.com\/external\/183865928.hd.mp4?s=75e24e269da23d652964638a1872b21b05ac466a&amp;profile_id=174[\/video_player]<\/p>\n","protected":false},"excerpt":{"rendered":"<p>La fecha de media semana dej\u00f3 a estos gladiadores como protagonistas<\/p>\n","protected":false},"author":20,"featured_media":430910,"comment_status":"closed","ping_status":"closed","sticky":false,"template":"","format":"standard","meta":[],"categories":[2198,3845,5950],"tags":[5623,6927,1508],"_links":{"self":[{"href":"http:\/\/desarrollo.grupomedios.com\/futbol\/wp-json\/wp\/v2\/posts\/430906"}],"collection":[{"href":"http:\/\/desarrollo.grupomedios.com\/futbol\/wp-json\/wp\/v2\/posts"}],"about":[{"href":"http:\/\/desarrollo.grupomedios.com\/futbol\/wp-json\/wp\/v2\/types\/post"}],"author":[{"embeddable":true,"href":"http:\/\/desarrollo.grupomedios.com\/futbol\/wp-json\/wp\/v2\/users\/20"}],"replies":[{"embeddable":true,"href":"http:\/\/desarrollo.grupomedios.com\/futbol\/wp-json\/wp\/v2\/comments?post=430906"}],"version-history":[{"count":0,"href":"http:\/\/desarrollo.grupomedios.com\/futbol\/wp-json\/wp\/v2\/posts\/430906\/revisions"}],"wp:featuredmedia":[{"embeddable":true,"href":"http:\/\/desarrollo.grupomedios.com\/futbol\/wp-json\/wp\/v2\/media\/430910"}],"wp:attachment":[{"href":"http:\/\/desarrollo.grupomedios.com\/futbol\/wp-json\/wp\/v2\/media?parent=430906"}],"wp:term":[{"taxonomy":"category","embeddable":true,"href":"http:\/\/desarrollo.grupomedios.com\/futbol\/wp-json\/wp\/v2\/categories?post=430906"},{"taxonomy":"post_tag","embeddable":true,"href":"http:\/\/desarrollo.grupomedios.com\/futbol\/wp-json\/wp\/v2\/tags?post=430906"}],"curies":[{"name":"wp","href":"https:\/\/api.w.org\/{rel}","templated":true}]}}