{"id":430926,"date":"2016-09-22T14:57:38","date_gmt":"2016-09-22T19:57:38","guid":{"rendered":"https:\/\/www.futboltotal.com.mx\/?p=430926"},"modified":"2016-09-22T14:58:41","modified_gmt":"2016-09-22T19:58:41","slug":"recuerdo-amargo-america-la-volpe","status":"publish","type":"post","link":"http:\/\/desarrollo.grupomedios.com\/futbol\/videos\/recuerdo-amargo-america-la-volpe\/2016\/09","title":{"rendered":"El recuerdo m\u00e1s amargo de Am\u00e9rica y La Volpe"},"content":{"rendered":"<p>Nuevamente la pol\u00e9mica rodea al <strong>Am\u00e9rica<\/strong>, pues <a href=\"https:\/\/www.futboltotal.com.mx\/2016\/09\/ricardo-la-volpe-sera-nuevo-tecnico-del-america\/\" target=\"_blank\">anunci\u00f3 a <strong>Ricardo La Volpe<\/strong> como nuevo t\u00e9cnico<\/a>, decisi\u00f3n que aplaudieron algunos aficionados, pero otros aborrecieron por el paso del <em>Bigot\u00f3n<\/em> en el Invierno 96.<\/p>\n<p><iframe loading=\"lazy\" src=\"https:\/\/www.youtube.com\/embed\/g1aoh7-E_Vg?feature=oembed\" frameborder=\"0\" allowfullscreen><\/iframe><\/p>\n<p>En aquel entonces, el argentino disput\u00f3 11 encuentros, de los cuales gan\u00f3 cinco, empat\u00f3 dos y perdi\u00f3 cuatro; este \u00faltimo rubro, dej\u00f3 una herida profunda, porque el equipo cay\u00f3 frente a Chivas en uno de los Cl\u00e1sicos Nacionales m\u00e1s memorables por el amplio marcador de 5-0, resultado que sentenci\u00f3 su salida.<\/p>\n","protected":false},"excerpt":{"rendered":"<p>El Bigot\u00f3n perdi\u00f3 5-0 el Cl\u00e1sico Nacional de 1996<\/p>\n","protected":false},"author":20,"featured_media":430929,"comment_status":"closed","ping_status":"closed","sticky":false,"template":"","format":"standard","meta":[],"categories":[2198,3845,4],"tags":[],"_links":{"self":[{"href":"http:\/\/desarrollo.grupomedios.com\/futbol\/wp-json\/wp\/v2\/posts\/430926"}],"collection":[{"href":"http:\/\/desarrollo.grupomedios.com\/futbol\/wp-json\/wp\/v2\/posts"}],"about":[{"href":"http:\/\/desarrollo.grupomedios.com\/futbol\/wp-json\/wp\/v2\/types\/post"}],"author":[{"embeddable":true,"href":"http:\/\/desarrollo.grupomedios.com\/futbol\/wp-json\/wp\/v2\/users\/20"}],"replies":[{"embeddable":true,"href":"http:\/\/desarrollo.grupomedios.com\/futbol\/wp-json\/wp\/v2\/comments?post=430926"}],"version-history":[{"count":0,"href":"http:\/\/desarrollo.grupomedios.com\/futbol\/wp-json\/wp\/v2\/posts\/430926\/revisions"}],"wp:featuredmedia":[{"embeddable":true,"href":"http:\/\/desarrollo.grupomedios.com\/futbol\/wp-json\/wp\/v2\/media\/430929"}],"wp:attachment":[{"href":"http:\/\/desarrollo.grupomedios.com\/futbol\/wp-json\/wp\/v2\/media?parent=430926"}],"wp:term":[{"taxonomy":"category","embeddable":true,"href":"http:\/\/desarrollo.grupomedios.com\/futbol\/wp-json\/wp\/v2\/categories?post=430926"},{"taxonomy":"post_tag","embeddable":true,"href":"http:\/\/desarrollo.grupomedios.com\/futbol\/wp-json\/wp\/v2\/tags?post=430926"}],"curies":[{"name":"wp","href":"https:\/\/api.w.org\/{rel}","templated":true}]}}