{"id":430988,"date":"2016-09-22T17:57:23","date_gmt":"2016-09-22T22:57:23","guid":{"rendered":"https:\/\/www.futboltotal.com.mx\/?p=430988"},"modified":"2016-09-23T11:03:25","modified_gmt":"2016-09-23T16:03:25","slug":"al-hilal-cesa-a-gustavo-matosas","status":"publish","type":"post","link":"http:\/\/desarrollo.grupomedios.com\/futbol\/futbol-mexicano\/al-hilal-cesa-a-gustavo-matosas\/2016\/09","title":{"rendered":"Al-Hilal cesa a Gustavo Matosas"},"content":{"rendered":"<p>En junio pasado, el uruguayo <strong>Gustavo Matosas<\/strong> emprendi\u00f3 su traves\u00eda por una liga ex\u00f3tica como la de Arabia Saudita con <strong>Al-Hilal<\/strong>, misma que s\u00f3lo dur\u00f3 tres meses, pues el club anunci\u00f3 la salida del estratega.<\/p>\n<p>Por medio se <em>Twitter<\/em>, el club saud\u00ed inform\u00f3 que rescindi\u00f3 el contrato del charr\u00faa que fuera bicampe\u00f3n con Le\u00f3n en M\u00e9xico.<\/p>\n<p>&nbsp;<\/p>\n<blockquote class=\"twitter-tweet\" data-lang=\"es\">\n<p dir=\"ltr\" lang=\"en\"><a href=\"https:\/\/twitter.com\/hashtag\/ALHILAL?src=hash\">#ALHILAL<\/a> management have decided to terminate the contract of the team&#8217;s coach Mr. Gustavo Matosas.<\/p>\n<p>\u2014 AlHilal Saudi Club (@Alhilal_EN) <a href=\"https:\/\/twitter.com\/Alhilal_EN\/status\/779057413546704896\">22 de septiembre de 2016<\/a><\/p><\/blockquote>\n<p><script async src=\"\/\/platform.twitter.com\/widgets.js\" charset=\"utf-8\"><\/script><\/p>\n<p>&nbsp;<\/p>\n<p>La noticia sorprendi\u00f3 porque <strong>Gustavo Matosas<\/strong> ten\u00eda al<strong> Al-Hilal<\/strong> en el tercer puesto con nueve unidades de las 12 posibles y \u00fanicamente se separaba de la cima por la diferencia de goles.<\/p>\n<p>&nbsp;<\/p>\n<blockquote class=\"twitter-tweet\" data-lang=\"es\">\n<p dir=\"rtl\" lang=\"ar\">\u0645\u062f\u0631\u0628 <a href=\"https:\/\/twitter.com\/hashtag\/%D9%85%D8%A7%D8%AA%D9%88%D8%B3%D8%A7%D8%B3?src=hash\">#\u0645\u0627\u062a\u0648\u0633\u0627\u0633<\/a> \u0648\u062d\u0645\u0627\u0633\u0629 \u0645\u0639 \u0627\u0644\u0627\u0639\u0628\u064a\u0646 \u0623\u062b\u0646\u0627\u0621 \u0627\u0644\u062a\u0645\u0631\u064a\u0646 <a href=\"https:\/\/twitter.com\/hashtag\/%D8%A7%D9%84%D9%87%D9%84%D8%A7%D9%84?src=hash\">#\u0627\u0644\u0647\u0644\u0627\u0644<\/a> \u0645\u0633\u0627\u0621 \u0627\u0644\u064a\u0648\u0645 \u0627\u0644\u0627\u062d\u062f<a href=\"https:\/\/twitter.com\/hashtag\/gustavomatosas?src=hash\">#gustavomatosas<\/a> <a href=\"https:\/\/twitter.com\/hashtag\/alhilal?src=hash\">#alhilal<\/a> <a href=\"https:\/\/twitter.com\/gusmat_dt\">@gusmat_dt<\/a> <a href=\"https:\/\/t.co\/VAp79ghIHc\">pic.twitter.com\/VAp79ghIHc<\/a><\/p>\n<p>\u2014 fayez_alhilal (@fgfayez) <a href=\"https:\/\/twitter.com\/fgfayez\/status\/772534613793239041\">4 de septiembre de 2016<\/a><\/p><\/blockquote>\n<p><script async src=\"\/\/platform.twitter.com\/widgets.js\" charset=\"utf-8\"><\/script><\/p>\n<p>As\u00ed, el sudamericano deber\u00e1 buscar acomodo y no sorprender\u00eda que en la Liga MX existan interesados, siendo Cruz Azul uno de los principales nombres, pues la continuidad de\u00a0Tom\u00e1s Boy est\u00e1 en duda, adem\u00e1s que la M\u00e1quina se fij\u00f3\u00a0en el DT desde 2015.<\/p>\n<p><span style=\"color: #ff0000;\"><strong>VIDEO<\/strong>: <strong>Mejores goles de la jornada 10<\/strong><\/span><\/p>\n<p>[video_player]https:\/\/player.vimeo.com\/external\/183865928.hd.mp4?s=75e24e269da23d652964638a1872b21b05ac466a&amp;profile_id=174[\/video_player]<\/p>\n","protected":false},"excerpt":{"rendered":"<p>El club saud\u00ed decidi\u00f3 acabar su relaci\u00f3n con el uruguayo <\/p>\n","protected":false},"author":20,"featured_media":430995,"comment_status":"closed","ping_status":"closed","sticky":false,"template":"","format":"standard","meta":[],"categories":[3839,2198],"tags":[6214,93],"_links":{"self":[{"href":"http:\/\/desarrollo.grupomedios.com\/futbol\/wp-json\/wp\/v2\/posts\/430988"}],"collection":[{"href":"http:\/\/desarrollo.grupomedios.com\/futbol\/wp-json\/wp\/v2\/posts"}],"about":[{"href":"http:\/\/desarrollo.grupomedios.com\/futbol\/wp-json\/wp\/v2\/types\/post"}],"author":[{"embeddable":true,"href":"http:\/\/desarrollo.grupomedios.com\/futbol\/wp-json\/wp\/v2\/users\/20"}],"replies":[{"embeddable":true,"href":"http:\/\/desarrollo.grupomedios.com\/futbol\/wp-json\/wp\/v2\/comments?post=430988"}],"version-history":[{"count":0,"href":"http:\/\/desarrollo.grupomedios.com\/futbol\/wp-json\/wp\/v2\/posts\/430988\/revisions"}],"wp:featuredmedia":[{"embeddable":true,"href":"http:\/\/desarrollo.grupomedios.com\/futbol\/wp-json\/wp\/v2\/media\/430995"}],"wp:attachment":[{"href":"http:\/\/desarrollo.grupomedios.com\/futbol\/wp-json\/wp\/v2\/media?parent=430988"}],"wp:term":[{"taxonomy":"category","embeddable":true,"href":"http:\/\/desarrollo.grupomedios.com\/futbol\/wp-json\/wp\/v2\/categories?post=430988"},{"taxonomy":"post_tag","embeddable":true,"href":"http:\/\/desarrollo.grupomedios.com\/futbol\/wp-json\/wp\/v2\/tags?post=430988"}],"curies":[{"name":"wp","href":"https:\/\/api.w.org\/{rel}","templated":true}]}}