{"id":431074,"date":"2016-09-23T08:57:52","date_gmt":"2016-09-23T13:57:52","guid":{"rendered":"https:\/\/www.futboltotal.com.mx\/?p=431074"},"modified":"2016-09-23T09:05:40","modified_gmt":"2016-09-23T14:05:40","slug":"zidane-echa-menos-a-casemiro-en-madrid","status":"publish","type":"post","link":"http:\/\/desarrollo.grupomedios.com\/futbol\/futbol-internacional\/zidane-echa-menos-a-casemiro-en-madrid\/2016\/09","title":{"rendered":"Zidane echa de menos a Casemiro en el Madrid"},"content":{"rendered":"<p><strong>Zinedine Zidane<\/strong>, t\u00e9cnico del <strong>Real Madrid<\/strong>, lament\u00f3 la ausencia de <strong>Casemiro<\/strong>, que ante el Espanyol sufri\u00f3 una fisura del peron\u00e9 izquierdo y tras perderse el duelo ante el Villarreal le esperan casi dos meses de baja, y admiti\u00f3 que en su posici\u00f3n no hay ning\u00fan futbolista del perfil del brasile\u00f1o.<\/p>\n<p>Le toca improvisar a <strong>Zidane<\/strong> en la posici\u00f3n del medio centro defensivo, donde todo indica a que ubicar\u00e1 al alem\u00e1n Toni Kroos retrasando su demarcaci\u00f3n, tras admitir que la fisonom\u00eda de su equipo cambiar\u00e1 en la visita a Las Palmas.<\/p>\n<p style=\"text-align: center;\"><strong><span style=\"color: #3366ff;\">LEER M\u00c1S:\u00a0<a style=\"color: #3366ff;\" href=\"https:\/\/www.futboltotal.com.mx\/2016\/09\/campetrini-provoca-problemas-legales-al-puebla\/\"> Campetrini \u201cprovoca\u201d problemas legales al Puebla<\/a><\/span><\/strong><\/p>\n<blockquote><p>&#8220;Nuestra idea es siempre la misma pero podemos jugar diferente. Seguramente que algo cambie porque no tenemos el mismo jugador que Casemiro, pero seguiremos buscando el bal\u00f3n para jugar en campo contrario&#8221;, manifest\u00f3.<\/p>\n<p>&#8220;Hay que planificar el plan para el partido de ma\u00f1ana sin pensar en el martes, porque cuando te pasa algo como lo de Marcelo o Casemiro nada puedes hacer. Es un problema cuando se lesionan jugadores, adem\u00e1s en la posici\u00f3n de Casemiro donde no hay otro jugador que juegue como \u00e9l. Pero lo vamos a hacer diferente y no es un problema&#8221;, a\u00f1adi\u00f3.<\/p><\/blockquote>\n<p>La ausencia de Marcelo, por su parte, no la aprovechar\u00e1 <em>Zizou<\/em> para hacer regresar a los terrenos de juego a Fabio Coentrao. &#8220;Entrena con normalidad y est\u00e1 bien pero a lo mejor le falta algo seguro porque despu\u00e9s de cinco meses es normal. Mientras no se le vea con el equipo no veremos si est\u00e1 al cien por cien&#8221;.<\/p>\n<blockquote class=\"twitter-tweet\" data-lang=\"es\">\n<p dir=\"ltr\" lang=\"es\">\u26bd\ufe0f\u2705 <a href=\"https:\/\/twitter.com\/hashtag\/RMLiga?src=hash\">#RMLiga<\/a><br \/>\n\u00a1Estos son los 19 convocados para el partido frente a <a href=\"https:\/\/twitter.com\/UDLP_Oficial\">@UDLP_Oficial<\/a>! <a href=\"https:\/\/twitter.com\/hashtag\/HalaMadrid?src=hash\">#HalaMadrid<\/a> <a href=\"https:\/\/t.co\/pHDA8qBzNB\">pic.twitter.com\/pHDA8qBzNB<\/a><\/p>\n<p>\u2014 Real Madrid C. F. (@realmadrid) <a href=\"https:\/\/twitter.com\/realmadrid\/status\/779289647134441472\">23 de septiembre de 2016<\/a><\/p><\/blockquote>\n<p><script async src=\"\/\/platform.twitter.com\/widgets.js\" charset=\"utf-8\"><\/script><\/p>\n<p>El t\u00e9cnico madridista se mostr\u00f3 confiado en el fondo de armario de su equipo ante las bajas. &#8220;Tenemos una plantilla muy amplia y podemos hacer cambios&#8221;. Y lleg\u00f3 a afirmar que lo van &#8220;a superar con tranquilidad&#8221;.<\/p>\n<p style=\"text-align: center;\"><strong><span style=\"color: #3366ff;\">LEER M\u00c1S:\u00a0<a style=\"color: #3366ff;\" href=\"https:\/\/www.futboltotal.com.mx\/2016\/09\/carlos-reinoso-critica-llegada-la-volpe\/\">Carlos Reinoso cr\u00edtica arribo de La Volpe<\/a><\/span><\/strong><\/p>\n<p><strong>LAMENT\u00d3 LA AUSENCIA DE MESSI<\/strong><\/p>\n<p>Por \u00faltimo, destac\u00f3 la <span style=\"color: #ff0000;\"><a style=\"color: #ff0000;\" href=\"https:\/\/www.futboltotal.com.mx\/2016\/09\/messi-estara-tres-semanas-sin-jugar\/\" target=\"_blank\">baja del argentino Leo Messi<\/a><\/span> en el Barcelona. &#8220;No me gusta la palabra mucho peor, pero Messi es Messi, sabemos lo que puede aportar a este equipo y el Barcelona es diferente cuando est\u00e1 y cuando no&#8221;. EFE<\/p>\n","protected":false},"excerpt":{"rendered":"<p>Tambi\u00e9n lament\u00f3 la lesi\u00f3n de Messi<\/p>\n","protected":false},"author":144,"featured_media":428221,"comment_status":"closed","ping_status":"closed","sticky":false,"template":"","format":"standard","meta":[],"categories":[3839,3844,5951],"tags":[2943],"_links":{"self":[{"href":"http:\/\/desarrollo.grupomedios.com\/futbol\/wp-json\/wp\/v2\/posts\/431074"}],"collection":[{"href":"http:\/\/desarrollo.grupomedios.com\/futbol\/wp-json\/wp\/v2\/posts"}],"about":[{"href":"http:\/\/desarrollo.grupomedios.com\/futbol\/wp-json\/wp\/v2\/types\/post"}],"author":[{"embeddable":true,"href":"http:\/\/desarrollo.grupomedios.com\/futbol\/wp-json\/wp\/v2\/users\/144"}],"replies":[{"embeddable":true,"href":"http:\/\/desarrollo.grupomedios.com\/futbol\/wp-json\/wp\/v2\/comments?post=431074"}],"version-history":[{"count":0,"href":"http:\/\/desarrollo.grupomedios.com\/futbol\/wp-json\/wp\/v2\/posts\/431074\/revisions"}],"wp:featuredmedia":[{"embeddable":true,"href":"http:\/\/desarrollo.grupomedios.com\/futbol\/wp-json\/wp\/v2\/media\/428221"}],"wp:attachment":[{"href":"http:\/\/desarrollo.grupomedios.com\/futbol\/wp-json\/wp\/v2\/media?parent=431074"}],"wp:term":[{"taxonomy":"category","embeddable":true,"href":"http:\/\/desarrollo.grupomedios.com\/futbol\/wp-json\/wp\/v2\/categories?post=431074"},{"taxonomy":"post_tag","embeddable":true,"href":"http:\/\/desarrollo.grupomedios.com\/futbol\/wp-json\/wp\/v2\/tags?post=431074"}],"curies":[{"name":"wp","href":"https:\/\/api.w.org\/{rel}","templated":true}]}}