{"id":431116,"date":"2016-09-23T17:33:46","date_gmt":"2016-09-23T22:33:46","guid":{"rendered":"https:\/\/www.futboltotal.com.mx\/?p=431116"},"modified":"2016-09-23T17:33:46","modified_gmt":"2016-09-23T22:33:46","slug":"layun-herrera-porto-llega-a-la-cima-en-portugal","status":"publish","type":"post","link":"http:\/\/desarrollo.grupomedios.com\/futbol\/futbol-internacional\/layun-herrera-porto-llega-a-la-cima-en-portugal\/2016\/09","title":{"rendered":"Con Lay\u00fan y Herrera, Porto llega a la cima en Portugal"},"content":{"rendered":"<p>Dos goles del joven portugu\u00e9s Andr\u00e9 Silva (uno de penalti) y otro del lateral brasile\u00f1o Alex Telles dieron hoy la victoria al<strong> Porto<\/strong> en el derbi ante el Boavista (3-1) y le permitieron igualar al l\u00edder Benfica, que todav\u00eda no ha disputado su partido de esta jornada.<\/p>\n<blockquote class=\"twitter-tweet\" data-lang=\"es\">\n<p dir=\"ltr\" lang=\"pt\">FC Porto 3-1 Boavista FC<a href=\"https:\/\/twitter.com\/hashtag\/FCPorto?src=hash\">#FCPorto<\/a> <a href=\"https:\/\/twitter.com\/hashtag\/FCPBFC?src=hash\">#FCPBFC<\/a> <a href=\"https:\/\/t.co\/pZxH860LrG\">pic.twitter.com\/pZxH860LrG<\/a><\/p>\n<p>\u2014 FC Porto (@FCPorto) <a href=\"https:\/\/twitter.com\/FCPorto\/status\/779428927693549569\">23 de septiembre de 2016<\/a><\/p><\/blockquote>\n<p><script async src=\"\/\/platform.twitter.com\/widgets.js\" charset=\"utf-8\"><\/script><\/p>\n<p>El Boavista se puso por delante a los cinco minutos tras un lanzamiento de falta lejano que dej\u00f3 el bal\u00f3n en el \u00e1rea del<strong> Porto<\/strong> para que el portugu\u00e9s Henrique fusilase al espa\u00f1ol Iker Casillas de cabeza.<\/p>\n<p>Con <strong>Jes\u00fas Manuel Corona<\/strong> y<strong> H\u00e9ctor Herrera<\/strong> en la banca, el joven Andr\u00e9 Silva, una de las perlas de la cantera del <strong>Porto<\/strong> y que debut\u00f3 el mes pasado con la selecci\u00f3n portuguesa, puso el empate en el 17 al rematar con habilidad un bal\u00f3n enviado al coraz\u00f3n del \u00e1rea por el brasile\u00f1o Ot\u00e1vio.<\/p>\n<p style=\"text-align: center;\"><strong><span style=\"color: #3366ff;\">LEER M\u00c1S:<a style=\"color: #3366ff;\" href=\"https:\/\/www.futboltotal.com.mx\/2016\/09\/luis-suarez-causa-polemica-en-futbol-femenil\/\"> Luis Su\u00e1rez causa pol\u00e9mica en el futbol femenil<\/a><\/span><\/strong><\/p>\n<p>Cerca del descanso, Ot\u00e1vio fue derribado dentro del \u00e1rea por Henrique y Andr\u00e9 Silva fue el encargado de dar la ventaja a su equipo de penalti.<\/p>\n<p>\u00c1lex Telles puso el resultado final con un lanzamiento cruzado desde la izquierda que se escurri\u00f3 entre las manos del portero del Boavista, el azerbaiyano Agayev, y acab\u00f3 tocando las redes.<\/p>\n<p>Adem\u00e1s de Casillas, los espa\u00f1oles Adri\u00e1n L\u00f3pez, Iv\u00e1n Marcano y \u00d3liver Torres -cedido por el Atl\u00e9tico de Madrid- tambi\u00e9n fueron titulares, as\u00ed como el mexicano <strong>Miguel Lay\u00fan<\/strong> y <strong>H\u00e9ctor Herrera<\/strong>, que entr\u00f3 de cambio.<\/p>\n<p>Con la derrota, el Boavista se mantiene duod\u00e9cimo con cinco puntos. EFE<\/p>\n<p><iframe loading=\"lazy\" src=\"https:\/\/www.youtube.com\/embed\/KMSxpOdquvo?feature=oembed\" frameborder=\"0\" allowfullscreen><\/iframe><\/p>\n","protected":false},"excerpt":{"rendered":"<p>Miguel Lay\u00fan fue el \u00fanico mexicano titular<\/p>\n","protected":false},"author":144,"featured_media":421120,"comment_status":"closed","ping_status":"closed","sticky":false,"template":"","format":"standard","meta":[],"categories":[3839,6718,5951],"tags":[5995,5443,1035,1208],"_links":{"self":[{"href":"http:\/\/desarrollo.grupomedios.com\/futbol\/wp-json\/wp\/v2\/posts\/431116"}],"collection":[{"href":"http:\/\/desarrollo.grupomedios.com\/futbol\/wp-json\/wp\/v2\/posts"}],"about":[{"href":"http:\/\/desarrollo.grupomedios.com\/futbol\/wp-json\/wp\/v2\/types\/post"}],"author":[{"embeddable":true,"href":"http:\/\/desarrollo.grupomedios.com\/futbol\/wp-json\/wp\/v2\/users\/144"}],"replies":[{"embeddable":true,"href":"http:\/\/desarrollo.grupomedios.com\/futbol\/wp-json\/wp\/v2\/comments?post=431116"}],"version-history":[{"count":0,"href":"http:\/\/desarrollo.grupomedios.com\/futbol\/wp-json\/wp\/v2\/posts\/431116\/revisions"}],"wp:featuredmedia":[{"embeddable":true,"href":"http:\/\/desarrollo.grupomedios.com\/futbol\/wp-json\/wp\/v2\/media\/421120"}],"wp:attachment":[{"href":"http:\/\/desarrollo.grupomedios.com\/futbol\/wp-json\/wp\/v2\/media?parent=431116"}],"wp:term":[{"taxonomy":"category","embeddable":true,"href":"http:\/\/desarrollo.grupomedios.com\/futbol\/wp-json\/wp\/v2\/categories?post=431116"},{"taxonomy":"post_tag","embeddable":true,"href":"http:\/\/desarrollo.grupomedios.com\/futbol\/wp-json\/wp\/v2\/tags?post=431116"}],"curies":[{"name":"wp","href":"https:\/\/api.w.org\/{rel}","templated":true}]}}