{"id":431130,"date":"2016-09-24T08:29:29","date_gmt":"2016-09-24T13:29:29","guid":{"rendered":"https:\/\/www.futboltotal.com.mx\/?p=431130"},"modified":"2016-09-24T10:32:21","modified_gmt":"2016-09-24T15:32:21","slug":"en-vivo-frankfurt-vs-hertha-berlin-bundesliga","status":"publish","type":"post","link":"http:\/\/desarrollo.grupomedios.com\/futbol\/futbol-internacional\/en-vivo-frankfurt-vs-hertha-berlin-bundesliga\/2016\/09","title":{"rendered":"AS\u00cd SE VIVI\u00d3 | Frankfurt 3-3 Hertha Berl\u00edn | Bundesliga"},"content":{"rendered":"<p><a class=\"twitter-timeline\" href=\"https:\/\/twitter.com\/eintracht_esp\">Tweets by eintracht_esp<\/a> <script async src=\"\/\/platform.twitter.com\/widgets.js\" charset=\"utf-8\"><\/script><\/p>\n<p>El <strong>Eintracht Frankfur<\/strong>t de<strong> Marco Fabi\u00e1n<\/strong> recibir\u00e1 al <strong>Hertha Berl\u00edn<\/strong> buscando prolongar la buena racha de las \u00faltimas dos fechas. El cuadro de <strong>Frankurt<\/strong>, que ha encontrado en el jugador mexicano la referencia en ataque que le hac\u00eda falta, busca acomodarse en la parte alta de la tabla.<\/p>\n<p>Adem\u00e1s de mantener contentos a sus aficionados en Alemania con los resultados cosechados hasta ahora (tres victorias, una derrota), el<strong> Eintracht<\/strong> ha ganado seguidores en Latinoam\u00e9rica gracias a las buenas intervenciones del mexicano <strong>Marco Fabi\u00e1n<\/strong><\/p>\n<p style=\"text-align: center;\"><strong><span style=\"color: #3366ff;\">LEER M\u00c1S:\u00a0<a style=\"color: #3366ff;\" href=\"https:\/\/www.futboltotal.com.mx\/2016\/09\/layun-herrera-porto-llega-a-la-cima-en-portugal\/\"> Con Lay\u00fan y Herrera, Porto llega a la cima en Portugal<\/a><\/span><\/strong><\/p>\n<p>El jugador nacido en Guadalajara ha revolucionado el ataque del cuadro dirigido por Niko Kovac desde que tuvo su primera oportunidad de ser titular, en la Fecha 3 ante el <strong>Bayer 04 Leverkusen<\/strong>.<\/p>\n<p>En la Fecha 5 el <i>tapat\u00edo<\/i>, con dos cobros de tiro de esquina, volvi\u00f3 a ser determinante en la victoria del <strong>Frankfurt<\/strong> y la afici\u00f3n lo eligi\u00f3 otra vez como el jugador m\u00e1s destacado de la jornada.<\/p>\n<p>El rival del <strong>Eintracht<\/strong> esta fecha llega con un registro similar. A pesar de haber perdido ante el FC Bayern M\u00fcnchen en la \u00faltima fecha, el <strong>Hertha Berl\u00edn<\/strong> tambi\u00e9n ha cosechado tres triunfos en esta campa\u00f1a y de seguro ser\u00e1 un rival directo para las ambiciones de los de <strong>Frankfurt<\/strong>.<\/p>\n<p><em>*Con informaci\u00f3n de la Bundesliga\u00a0<\/em><\/p>\n","protected":false},"excerpt":{"rendered":"<p>Marco Fabi\u00e1n busca seguir con buena racha<\/p>\n","protected":false},"author":20,"featured_media":429543,"comment_status":"closed","ping_status":"closed","sticky":false,"template":"","format":"standard","meta":[],"categories":[3839,6822],"tags":[3588,131],"_links":{"self":[{"href":"http:\/\/desarrollo.grupomedios.com\/futbol\/wp-json\/wp\/v2\/posts\/431130"}],"collection":[{"href":"http:\/\/desarrollo.grupomedios.com\/futbol\/wp-json\/wp\/v2\/posts"}],"about":[{"href":"http:\/\/desarrollo.grupomedios.com\/futbol\/wp-json\/wp\/v2\/types\/post"}],"author":[{"embeddable":true,"href":"http:\/\/desarrollo.grupomedios.com\/futbol\/wp-json\/wp\/v2\/users\/20"}],"replies":[{"embeddable":true,"href":"http:\/\/desarrollo.grupomedios.com\/futbol\/wp-json\/wp\/v2\/comments?post=431130"}],"version-history":[{"count":0,"href":"http:\/\/desarrollo.grupomedios.com\/futbol\/wp-json\/wp\/v2\/posts\/431130\/revisions"}],"wp:featuredmedia":[{"embeddable":true,"href":"http:\/\/desarrollo.grupomedios.com\/futbol\/wp-json\/wp\/v2\/media\/429543"}],"wp:attachment":[{"href":"http:\/\/desarrollo.grupomedios.com\/futbol\/wp-json\/wp\/v2\/media?parent=431130"}],"wp:term":[{"taxonomy":"category","embeddable":true,"href":"http:\/\/desarrollo.grupomedios.com\/futbol\/wp-json\/wp\/v2\/categories?post=431130"},{"taxonomy":"post_tag","embeddable":true,"href":"http:\/\/desarrollo.grupomedios.com\/futbol\/wp-json\/wp\/v2\/tags?post=431130"}],"curies":[{"name":"wp","href":"https:\/\/api.w.org\/{rel}","templated":true}]}}