{"id":431152,"date":"2016-09-23T19:40:26","date_gmt":"2016-09-24T00:40:26","guid":{"rendered":"https:\/\/www.futboltotal.com.mx\/?p=431152"},"modified":"2016-09-23T19:40:26","modified_gmt":"2016-09-24T00:40:26","slug":"darwin-quintero-reporta-mejoria-en-salud","status":"publish","type":"post","link":"http:\/\/desarrollo.grupomedios.com\/futbol\/futbol-mexicano\/darwin-quintero-reporta-mejoria-en-salud\/2016\/09","title":{"rendered":"Darwin Quintero reporta mejor\u00eda en su salud"},"content":{"rendered":"<p>Una de las noticias que m\u00e1s impacto caus\u00f3 en las \u00faltimas semanas, fue que <strong>Darwin Quintero<\/strong> tuvo que poner en pausa su carrera, pues se le diagnostic\u00f3 tromboflebitis, por lo cual no pod\u00eda realizar grandes esfuerzos f\u00edsicos, sin embargo, el atacante del <a href=\"http:\/\/futboltotal.com.mx\/equipos\/america\/\" target=\"_blank\"><strong>Am\u00e9rica<\/strong><\/a> revel\u00f3 que se elimin\u00f3 el co\u00e1gulo que se alojaba en su pierna derecha y empez\u00f3 la segunda fase de su recuperaci\u00f3n.<\/p>\n<p>Por medio de <em>Tiwtter<\/em>, el colombiano emiti\u00f3 un mensaje de agradecimiento por las muestras de cari\u00f1o, al tiempo de indicar que ya puede llevar a cabo ciertas actividades que lo acercan cada vez m\u00e1s a las canchas.<\/p>\n<blockquote class=\"twitter-tweet\" data-lang=\"es\">\n<p dir=\"ltr\" lang=\"es\">Gracias por sus oraciones y mensajes abrazo de gol <a href=\"https:\/\/t.co\/UN4QKn7FNs\">pic.twitter.com\/UN4QKn7FNs<\/a><\/p>\n<p>\u2014 darwin quintero (@darwinJR3) <a href=\"https:\/\/twitter.com\/darwinJR3\/status\/779457365632389121\">23 de septiembre de 2016<\/a><\/p><\/blockquote>\n<p><script async src=\"\/\/platform.twitter.com\/widgets.js\" charset=\"utf-8\"><\/script><\/p>\n","protected":false},"excerpt":{"rendered":"<p>\u201cEl co\u00e1gulo ya est\u00e1 eliminado\u201d, confes\u00f3 <\/p>\n","protected":false},"author":20,"featured_media":431153,"comment_status":"closed","ping_status":"closed","sticky":false,"template":"","format":"standard","meta":[],"categories":[2198,3845,5950],"tags":[5959,284],"_links":{"self":[{"href":"http:\/\/desarrollo.grupomedios.com\/futbol\/wp-json\/wp\/v2\/posts\/431152"}],"collection":[{"href":"http:\/\/desarrollo.grupomedios.com\/futbol\/wp-json\/wp\/v2\/posts"}],"about":[{"href":"http:\/\/desarrollo.grupomedios.com\/futbol\/wp-json\/wp\/v2\/types\/post"}],"author":[{"embeddable":true,"href":"http:\/\/desarrollo.grupomedios.com\/futbol\/wp-json\/wp\/v2\/users\/20"}],"replies":[{"embeddable":true,"href":"http:\/\/desarrollo.grupomedios.com\/futbol\/wp-json\/wp\/v2\/comments?post=431152"}],"version-history":[{"count":0,"href":"http:\/\/desarrollo.grupomedios.com\/futbol\/wp-json\/wp\/v2\/posts\/431152\/revisions"}],"wp:featuredmedia":[{"embeddable":true,"href":"http:\/\/desarrollo.grupomedios.com\/futbol\/wp-json\/wp\/v2\/media\/431153"}],"wp:attachment":[{"href":"http:\/\/desarrollo.grupomedios.com\/futbol\/wp-json\/wp\/v2\/media?parent=431152"}],"wp:term":[{"taxonomy":"category","embeddable":true,"href":"http:\/\/desarrollo.grupomedios.com\/futbol\/wp-json\/wp\/v2\/categories?post=431152"},{"taxonomy":"post_tag","embeddable":true,"href":"http:\/\/desarrollo.grupomedios.com\/futbol\/wp-json\/wp\/v2\/tags?post=431152"}],"curies":[{"name":"wp","href":"https:\/\/api.w.org\/{rel}","templated":true}]}}