{"id":431251,"date":"2016-09-24T16:15:27","date_gmt":"2016-09-24T21:15:27","guid":{"rendered":"https:\/\/www.futboltotal.com.mx\/?p=431251"},"modified":"2016-09-24T16:24:32","modified_gmt":"2016-09-24T21:24:32","slug":"fue-hat-trick-perfecto-chicharito","status":"publish","type":"post","link":"http:\/\/desarrollo.grupomedios.com\/futbol\/destacado-home\/fue-hat-trick-perfecto-chicharito\/2016\/09","title":{"rendered":"&#8220;Fue un Hat Trick perfecto&#8221; : Chicharito"},"content":{"rendered":"<p>Luego de guiar al<strong> Bayer Leverkusen<\/strong> a la victoria, <strong>Javier Hern\u00e1ndez<\/strong> se mostr\u00f3 feliz por el <a href=\"https:\/\/www.futboltotal.com.mx\/2016\/09\/chicharito-vuelve-al-gol-con-el-bayer-leverkusen\/\" target=\"_blank\">Hat Trick que consigui\u00f3<\/a> ante el Mainz 05 en la fecha 5 de la Bundesliga.<\/p>\n<blockquote class=\"twitter-tweet\" data-lang=\"es\">\n<p dir=\"ltr\" lang=\"es\">Con ustedes, el Jugador del Partido:<\/p>\n<p>\u00a1CHI-CHA-RI-TO! <a href=\"https:\/\/twitter.com\/hashtag\/M05B04?src=hash\">#M05B04<\/a> <a href=\"https:\/\/t.co\/dNbIjSA8Qn\">pic.twitter.com\/dNbIjSA8Qn<\/a><\/p>\n<p>\u2014 Bayer 04 Leverkusen (@bayer04_es) <a href=\"https:\/\/twitter.com\/bayer04_es\/status\/779718057815977984\">24 de septiembre de 2016<\/a><\/p><\/blockquote>\n<p><script async src=\"\/\/platform.twitter.com\/widgets.js\" charset=\"utf-8\"><\/script><\/p>\n<p>Al final del partido, <strong>Chicharito<\/strong> se llev\u00f3 el bal\u00f3n del encuentro luego de marcar un triplete de forma perfecta.<\/p>\n<blockquote><p>&#8220;Fue un &#8216;hat trick&#8217; perfecto porque anote con las dos piernas y con la cabeza&#8221;, dijo<strong> Hern\u00e1ndez<\/strong>, aunque no rest\u00f3 m\u00e9rito a lo que hizo su equipo dentro la cancha.<\/p>\n<p>&#8220;Al igual que a todo el equipo (le fue bien), obviamente yo tuve un poco m\u00e1s de suerte, pero todo el equipo es responsable por estos tres puntos en una cancha complicado y ante un rival dif\u00edcil. Afortunadamente pudimos sacar los tres puntos&#8221;, confes\u00f3.<\/p><\/blockquote>\n<blockquote class=\"twitter-video\" data-lang=\"es\">\n<p dir=\"ltr\" lang=\"de\">.<a href=\"https:\/\/twitter.com\/CH14_\">@CH14_<\/a> nach seinem Hattrick! <a href=\"https:\/\/twitter.com\/hashtag\/M05B04?src=hash\">#M05B04<\/a> <a href=\"https:\/\/twitter.com\/hashtag\/Chicharito?src=hash\">#Chicharito<\/a> <a href=\"https:\/\/t.co\/isEnWgsCd4\">pic.twitter.com\/isEnWgsCd4<\/a><\/p>\n<p>\u2014 Bayer 04 Leverkusen (@bayer04fussball) <a href=\"https:\/\/twitter.com\/bayer04fussball\/status\/779726665488429061\">24 de septiembre de 2016<\/a><\/p><\/blockquote>\n<p><script async src=\"\/\/platform.twitter.com\/widgets.js\" charset=\"utf-8\"><\/script><\/p>\n<p>Adem\u00e1s de hablar de sus goles y del gran funcionamiento que tuvo su equipo este d\u00eda, el mexicano tambi\u00e9n expres\u00f3 que el <strong>Bayer Leverkusen<\/strong> demostr\u00f3 el trabajo que hab\u00edan venido realizando durante las semanas anteriores y que no hab\u00eda podido dar frutos con apenas una victoria en la liga.<\/p>\n<blockquote><p>&#8220;Hacer lo que pretendemos desde el principio de la temporada jugando de manera intensa, cerrando oportunidades y defendiendo bien. Estuvimos concentrados en el objetivo hasta el final y logramos anotar el tercer gol en el \u00faltimo minuto&#8221;,\u00a0finaliz\u00f3 <strong>Chicharito<\/strong>.<\/p>\n<p>&nbsp;<\/p><\/blockquote>\n","protected":false},"excerpt":{"rendered":"<p>Chicharito tambi\u00e9n agradeci\u00f3 a su equipo por el gol<\/p>\n","protected":false},"author":20,"featured_media":431252,"comment_status":"closed","ping_status":"closed","sticky":false,"template":"","format":"standard","meta":[],"categories":[5,3839,6822,6718],"tags":[4335,120],"_links":{"self":[{"href":"http:\/\/desarrollo.grupomedios.com\/futbol\/wp-json\/wp\/v2\/posts\/431251"}],"collection":[{"href":"http:\/\/desarrollo.grupomedios.com\/futbol\/wp-json\/wp\/v2\/posts"}],"about":[{"href":"http:\/\/desarrollo.grupomedios.com\/futbol\/wp-json\/wp\/v2\/types\/post"}],"author":[{"embeddable":true,"href":"http:\/\/desarrollo.grupomedios.com\/futbol\/wp-json\/wp\/v2\/users\/20"}],"replies":[{"embeddable":true,"href":"http:\/\/desarrollo.grupomedios.com\/futbol\/wp-json\/wp\/v2\/comments?post=431251"}],"version-history":[{"count":0,"href":"http:\/\/desarrollo.grupomedios.com\/futbol\/wp-json\/wp\/v2\/posts\/431251\/revisions"}],"wp:featuredmedia":[{"embeddable":true,"href":"http:\/\/desarrollo.grupomedios.com\/futbol\/wp-json\/wp\/v2\/media\/431252"}],"wp:attachment":[{"href":"http:\/\/desarrollo.grupomedios.com\/futbol\/wp-json\/wp\/v2\/media?parent=431251"}],"wp:term":[{"taxonomy":"category","embeddable":true,"href":"http:\/\/desarrollo.grupomedios.com\/futbol\/wp-json\/wp\/v2\/categories?post=431251"},{"taxonomy":"post_tag","embeddable":true,"href":"http:\/\/desarrollo.grupomedios.com\/futbol\/wp-json\/wp\/v2\/tags?post=431251"}],"curies":[{"name":"wp","href":"https:\/\/api.w.org\/{rel}","templated":true}]}}