{"id":431450,"date":"2016-09-25T10:56:00","date_gmt":"2016-09-25T15:56:00","guid":{"rendered":"https:\/\/www.futboltotal.com.mx\/?p=431450"},"modified":"2016-09-25T10:56:00","modified_gmt":"2016-09-25T15:56:00","slug":"jugamos-mejor-que-america-barrera","status":"publish","type":"post","link":"http:\/\/desarrollo.grupomedios.com\/futbol\/futbol-mexicano\/jugamos-mejor-que-america-barrera\/2016\/09","title":{"rendered":"Fuimos mejores que Am\u00e9rica: Barrera"},"content":{"rendered":"<p>Pese a cometer dos errores puntuales en el arranque del partido que acabaron en gol y no poder rescatar al menos el empate, <strong>Pablo Barrera<\/strong> consider\u00f3 que Pumas fue superior y en el Azteca se sinti\u00f3 como en casa, gracias al apoyo de la afici\u00f3n<em> auriazul<\/em> que nunca dej\u00f3 de alentarlos.<\/p>\n<p>\u201cSiempre estuvimos encima de ellos. Ellos estaban en su casa y bueno, esperamos algo m\u00e1s, lastimosamente no entr\u00f3 y nos vamos molestos\u201d, dijo el<em> Dinamita,\u00a0<\/em>quien descart\u00f3 que\u00a0la falta de resultados positivos en calidad de visitante sea un aspecto que los tenga preocupados.<\/p>\n<p style=\"text-align: center;\"><a href=\"https:\/\/www.futboltotal.com.mx\/2016\/09\/palencia-frustrado-derrota-ante-america\/\"><span style=\"color: #3366ff;\"><strong>LEER M\u00c1S: Palencia frustrado ante Am\u00e9rica<\/strong><\/span><\/a><\/p>\n<blockquote><p>\u201cNo hay preocupaci\u00f3n por no ganar fuera de casa. La verdad es que hicimos un buen partido. Tuvimos posici\u00f3n y muchas oportunidades, vamos a seguir trabajando y estamos seguros que pronto la victoria llegar\u00e1\u201d, apunt\u00f3.<\/p><\/blockquote>\n<p>Asimismo, explic\u00f3 que ser\u00eda un error sentirse desesperados por la irregularidad que han mostrado, al recordar que todav\u00eda hay caminos por recorrer en el Torneo Apertura 2016.<\/p>\n<p>\u201cEs momento de tranquilizarnos, de saber que hay todav\u00eda torneo por delante y que estamos bien posicionaros. Vamos poco a poco y con el hambre de siempre, hay que levantar la cabeza porque hicimos un buen juego\u201d, sentenci\u00f3.<\/p>\n","protected":false},"excerpt":{"rendered":"<p>El Dinamita habl\u00f3 tras caer en el Azteca ante Am\u00e9rica <\/p>\n","protected":false},"author":20,"featured_media":431451,"comment_status":"closed","ping_status":"closed","sticky":false,"template":"","format":"standard","meta":[],"categories":[2198,3845,5950],"tags":[82,74],"_links":{"self":[{"href":"http:\/\/desarrollo.grupomedios.com\/futbol\/wp-json\/wp\/v2\/posts\/431450"}],"collection":[{"href":"http:\/\/desarrollo.grupomedios.com\/futbol\/wp-json\/wp\/v2\/posts"}],"about":[{"href":"http:\/\/desarrollo.grupomedios.com\/futbol\/wp-json\/wp\/v2\/types\/post"}],"author":[{"embeddable":true,"href":"http:\/\/desarrollo.grupomedios.com\/futbol\/wp-json\/wp\/v2\/users\/20"}],"replies":[{"embeddable":true,"href":"http:\/\/desarrollo.grupomedios.com\/futbol\/wp-json\/wp\/v2\/comments?post=431450"}],"version-history":[{"count":0,"href":"http:\/\/desarrollo.grupomedios.com\/futbol\/wp-json\/wp\/v2\/posts\/431450\/revisions"}],"wp:featuredmedia":[{"embeddable":true,"href":"http:\/\/desarrollo.grupomedios.com\/futbol\/wp-json\/wp\/v2\/media\/431451"}],"wp:attachment":[{"href":"http:\/\/desarrollo.grupomedios.com\/futbol\/wp-json\/wp\/v2\/media?parent=431450"}],"wp:term":[{"taxonomy":"category","embeddable":true,"href":"http:\/\/desarrollo.grupomedios.com\/futbol\/wp-json\/wp\/v2\/categories?post=431450"},{"taxonomy":"post_tag","embeddable":true,"href":"http:\/\/desarrollo.grupomedios.com\/futbol\/wp-json\/wp\/v2\/tags?post=431450"}],"curies":[{"name":"wp","href":"https:\/\/api.w.org\/{rel}","templated":true}]}}