{"id":431498,"date":"2016-09-25T13:30:05","date_gmt":"2016-09-25T18:30:05","guid":{"rendered":"https:\/\/www.futboltotal.com.mx\/?p=431498"},"modified":"2016-09-25T16:49:33","modified_gmt":"2016-09-25T21:49:33","slug":"salcedo-debuta-en-la-serie-a","status":"publish","type":"post","link":"http:\/\/desarrollo.grupomedios.com\/futbol\/futbol-internacional\/salcedo-debuta-en-la-serie-a\/2016\/09","title":{"rendered":"Salcedo debutar\u00e1 como titular ante Milan"},"content":{"rendered":"<p>El defensa central mexicano <strong>Carlos Salcedo<\/strong> debuta con la <strong>Fiorentina<\/strong> este domingo en la Serie A, en el duelo ante el AC Milan de la sexta jornada de la temporada 2016-17.<\/p>\n<p>La semana pasada, el futbolista tuvo su aparici\u00f3n oficial con su club en la primera fecha de la Europa League donde fue titular y tuvo una destacada participaci\u00f3n en la saga defensiva frente al Paok griego, cuyo cotejo termin\u00f3 sin goles para ning\u00fan bando.<\/p>\n<p style=\"text-align: center;\"><strong><span style=\"color: #3366ff;\">LEER M\u00c1S: Todas las noticias de mexicanos en Europa<\/span><\/strong><\/p>\n<blockquote class=\"twitter-tweet\" data-lang=\"es\">\n<p dir=\"ltr\" lang=\"sl\">Fiorentina: Tatarusanu; Tomovic, Gonzalo, Salcedo; Bernardeschi, Sanchez, Badelj, Milic; Ilicic, Borja Valero; Kalinic <a href=\"https:\/\/twitter.com\/hashtag\/FiorentinaMilan?src=hash\">#FiorentinaMilan<\/a><\/p>\n<p>\u2014 ACF Fiorentina (@acffiorentina) <a href=\"https:\/\/twitter.com\/acffiorentina\/status\/780103551506866177\">25 de septiembre de 2016<\/a><\/p><\/blockquote>\n<p><script async src=\"\/\/platform.twitter.com\/widgets.js\" charset=\"utf-8\"><\/script><br \/>\n&#8220;La idea es que pueda tener regularidad y pronto pueda adaptarse al equipo&#8221;, dijo a media semana Paulo Sousa, director t\u00e9cnico de la <strong>Fiorentina<\/strong>.<\/p>\n<p>En esta fecha doble, el mexicano estuvo convocado para el partido ante Udinese disputado a media semana, pero no tuvo actividad. Ahora le lleg\u00f3 la oportunidad que tanto anhelaba: ser titular y contra el Mil\u00e1n, el segundo club m\u00e1s laureado del campeonato.<\/p>\n<p>El defensa\u00a0<strong>Carlos Salcedo<\/strong> est\u00e1 a pr\u00e9stamo por un a\u00f1o con opci\u00f3n a compra para la temporada 2016-2017, y ya tiene 74 minutos en partidos oficiales con su nuevo club.<\/p>\n","protected":false},"excerpt":{"rendered":"<p>El defensa mexicano tiene una gran examen al enfrentar al AC Milan<\/p>\n","protected":false},"author":20,"featured_media":430275,"comment_status":"closed","ping_status":"closed","sticky":false,"template":"","format":"standard","meta":[],"categories":[3839,3848,6718],"tags":[5531,1053,5958],"_links":{"self":[{"href":"http:\/\/desarrollo.grupomedios.com\/futbol\/wp-json\/wp\/v2\/posts\/431498"}],"collection":[{"href":"http:\/\/desarrollo.grupomedios.com\/futbol\/wp-json\/wp\/v2\/posts"}],"about":[{"href":"http:\/\/desarrollo.grupomedios.com\/futbol\/wp-json\/wp\/v2\/types\/post"}],"author":[{"embeddable":true,"href":"http:\/\/desarrollo.grupomedios.com\/futbol\/wp-json\/wp\/v2\/users\/20"}],"replies":[{"embeddable":true,"href":"http:\/\/desarrollo.grupomedios.com\/futbol\/wp-json\/wp\/v2\/comments?post=431498"}],"version-history":[{"count":0,"href":"http:\/\/desarrollo.grupomedios.com\/futbol\/wp-json\/wp\/v2\/posts\/431498\/revisions"}],"wp:featuredmedia":[{"embeddable":true,"href":"http:\/\/desarrollo.grupomedios.com\/futbol\/wp-json\/wp\/v2\/media\/430275"}],"wp:attachment":[{"href":"http:\/\/desarrollo.grupomedios.com\/futbol\/wp-json\/wp\/v2\/media?parent=431498"}],"wp:term":[{"taxonomy":"category","embeddable":true,"href":"http:\/\/desarrollo.grupomedios.com\/futbol\/wp-json\/wp\/v2\/categories?post=431498"},{"taxonomy":"post_tag","embeddable":true,"href":"http:\/\/desarrollo.grupomedios.com\/futbol\/wp-json\/wp\/v2\/tags?post=431498"}],"curies":[{"name":"wp","href":"https:\/\/api.w.org\/{rel}","templated":true}]}}