{"id":431670,"date":"2016-09-25T21:13:44","date_gmt":"2016-09-26T02:13:44","guid":{"rendered":"https:\/\/www.futboltotal.com.mx\/?p=431670"},"modified":"2016-09-25T21:16:32","modified_gmt":"2016-09-26T02:16:32","slug":"fallece-leyenda-deportiva-a-los-87-anos","status":"publish","type":"post","link":"http:\/\/desarrollo.grupomedios.com\/futbol\/no-todo-es-futbol\/fallece-leyenda-deportiva-a-los-87-anos\/2016\/09","title":{"rendered":"\u00a1Fallece leyenda deportiva a los 87 a\u00f1os!"},"content":{"rendered":"<p>La leyenda estadounidense del golf <strong>Arnold Palmer<\/strong> falleci\u00f3 hoy a los 87 a\u00f1os en Pittsburgh (Pensilvania) por causas que a\u00fan se desconocen, adelant\u00f3 hoy la revista especializada &#8220;Golf Digest&#8221; y confirm\u00f3 la Asociaci\u00f3n del Golf de Estados Unidos (USGA).<\/p>\n<p>&#8220;<strong>Arnold Palmer<\/strong> muri\u00f3 a los 87 a\u00f1os. Descansa en paz, Arnie. Tu eres para siempre una leyenda en el golf y en la vida&#8221;, anunci\u00f3 la publicaci\u00f3n en su cuenta de Twitter.<\/p>\n<p>&#8220;Estamos profundamente entristecidos por la muerte de <strong>Arnold Palmer<\/strong>, el m\u00e1s grande embajador del golf, a los 87 a\u00f1os&#8221;, escribi\u00f3 poco despu\u00e9s la USGA en la misma red social.<\/p>\n<p style=\"text-align: center;\"><strong><span style=\"color: #3366ff;\"><a style=\"color: #3366ff;\" href=\"https:\/\/www.futboltotal.com.mx\/2016\/09\/fallece-deportista-en-accidente-maritimo\/\" target=\"_blank\">LEER M\u00c1S: Noche tr\u00e1gica, tambi\u00e9n fallece beisbolista<\/a><\/span><\/strong><\/p>\n<p>Palmer fue hospitalizado para preparaci\u00f3n de una cirug\u00eda del coraz\u00f3n, seg\u00fan explic\u00f3 al &#8220;Washington Post&#8221; Doc Griffin, uno de sus asistentes m\u00e1s cercanos, que dijo desconocer la causa exacta de su muerte.<\/p>\n<p>Seg\u00fan el diario local Pittsburgh Post-Gazette Palmer ingres\u00f3 el jueves en el Hospital Presbiteriano del Centro M\u00e9dico de la Universidad de Pittsburgh para someterse a ex\u00e1menes del coraz\u00f3n y muri\u00f3 hoy en el mismo centro.<\/p>\n<p>El carism\u00e1tico y teleg\u00e9nico golfista, que emergi\u00f3 como estrella del deporte en los a\u00f1os cincuenta, est\u00e1 considerado como uno de los mejores en la historia del golf y se le atribuye su popularizaci\u00f3n a trav\u00e9s de la televisi\u00f3n.<\/p>\n<p>En 1954, cuando tenia 25 a\u00f1os de edad, se proclam\u00f3 campe\u00f3n amateur de los Estados Unidos y en 1955 pas\u00f3 al profesionalismo.En 1958 gan\u00f3 el torneo Masters, que repiti\u00f3 en 1960, 1962 y 1964.<\/p>\n<p>Palmer (Latrobe, Pensilvania, 1929), que lo consigui\u00f3 todo como profesional, fue elegido &#8220;Atleta de la D\u00e9cada&#8221; en los a\u00f1os 60.Tambi\u00e9n recibi\u00f3 la Medalla Presidencial de la Libertad y la Medalla de Oro Congresional.<\/p>\n<p>Adem\u00e1s de convertirse en el primer golfista que super\u00f3 un mill\u00f3n de d\u00f3lares, despu\u00e9s de conseguir el mayor premio que gan\u00f3, de 50.000 d\u00f3lares<\/p>\n","protected":false},"excerpt":{"rendered":"<p>Muere ex golfista, Arnold Palmer<\/p>\n","protected":false},"author":144,"featured_media":431671,"comment_status":"closed","ping_status":"closed","sticky":false,"template":"","format":"standard","meta":[],"categories":[5418,6411],"tags":[7442,5771],"_links":{"self":[{"href":"http:\/\/desarrollo.grupomedios.com\/futbol\/wp-json\/wp\/v2\/posts\/431670"}],"collection":[{"href":"http:\/\/desarrollo.grupomedios.com\/futbol\/wp-json\/wp\/v2\/posts"}],"about":[{"href":"http:\/\/desarrollo.grupomedios.com\/futbol\/wp-json\/wp\/v2\/types\/post"}],"author":[{"embeddable":true,"href":"http:\/\/desarrollo.grupomedios.com\/futbol\/wp-json\/wp\/v2\/users\/144"}],"replies":[{"embeddable":true,"href":"http:\/\/desarrollo.grupomedios.com\/futbol\/wp-json\/wp\/v2\/comments?post=431670"}],"version-history":[{"count":0,"href":"http:\/\/desarrollo.grupomedios.com\/futbol\/wp-json\/wp\/v2\/posts\/431670\/revisions"}],"wp:featuredmedia":[{"embeddable":true,"href":"http:\/\/desarrollo.grupomedios.com\/futbol\/wp-json\/wp\/v2\/media\/431671"}],"wp:attachment":[{"href":"http:\/\/desarrollo.grupomedios.com\/futbol\/wp-json\/wp\/v2\/media?parent=431670"}],"wp:term":[{"taxonomy":"category","embeddable":true,"href":"http:\/\/desarrollo.grupomedios.com\/futbol\/wp-json\/wp\/v2\/categories?post=431670"},{"taxonomy":"post_tag","embeddable":true,"href":"http:\/\/desarrollo.grupomedios.com\/futbol\/wp-json\/wp\/v2\/tags?post=431670"}],"curies":[{"name":"wp","href":"https:\/\/api.w.org\/{rel}","templated":true}]}}