{"id":431699,"date":"2016-09-26T10:48:23","date_gmt":"2016-09-26T15:48:23","guid":{"rendered":"https:\/\/www.futboltotal.com.mx\/?p=431699"},"modified":"2016-09-26T10:50:21","modified_gmt":"2016-09-26T15:50:21","slug":"los-mejores-goles-la-jornada-11-apertura-2016","status":"publish","type":"post","link":"http:\/\/desarrollo.grupomedios.com\/futbol\/videos\/los-mejores-goles-la-jornada-11-apertura-2016\/2016\/09","title":{"rendered":"Los mejores goles de la jornada 11 | Apertura 2016"},"content":{"rendered":"<p>La <strong>jornada 11 del Apertura 2016<\/strong> cerr\u00f3 con un registro de 24 goles, donde el encuentro que m\u00e1s aport\u00f3 a dicha cuota, fue el <a href=\"https:\/\/www.futboltotal.com.mx\/2016\/09\/resultados-liga-mx-morelia-2-3-puebla\/\" target=\"_blank\">Morelia vs Puebla<\/a>, donde se dio una de las mejores anotaciones de la und\u00e9cima fecha. Adem\u00e1s hubo un tanto que fue destacado a nivel internacional, y por supuesto que destaca en este Top 5:<\/p>\n<p style=\"text-align: center;\"><span style=\"color: #3366ff;\"><a style=\"color: #3366ff;\" href=\"https:\/\/www.futboltotal.com.mx\/2016\/09\/comparan-a-necaxa-barcelona\/\" target=\"_blank\"><strong>LEER M\u00c1S: Prensa francesa elogia gol de Necaxa<\/strong><\/a><\/span><\/p>\n<p><span style=\"color: #ff0000;\"><strong>VIDEO: Mejores goles de la jornada 11 del Apertura 2016<\/strong><\/span><\/p>\n<p>[video_player]https:\/\/player.vimeo.com\/external\/184357354.hd.mp4?s=8d248ae3030bf171613e85231d4671348612a90c&amp;profile_id=174[\/video_player]<\/p>\n","protected":false},"excerpt":{"rendered":"<p>\u00a1Se dieron anotaciones que destacaron a nivel internacional!<\/p>\n","protected":false},"author":20,"featured_media":431700,"comment_status":"closed","ping_status":"closed","sticky":false,"template":"","format":"standard","meta":[],"categories":[2198,3845,6381,4],"tags":[6927,3249,6185],"_links":{"self":[{"href":"http:\/\/desarrollo.grupomedios.com\/futbol\/wp-json\/wp\/v2\/posts\/431699"}],"collection":[{"href":"http:\/\/desarrollo.grupomedios.com\/futbol\/wp-json\/wp\/v2\/posts"}],"about":[{"href":"http:\/\/desarrollo.grupomedios.com\/futbol\/wp-json\/wp\/v2\/types\/post"}],"author":[{"embeddable":true,"href":"http:\/\/desarrollo.grupomedios.com\/futbol\/wp-json\/wp\/v2\/users\/20"}],"replies":[{"embeddable":true,"href":"http:\/\/desarrollo.grupomedios.com\/futbol\/wp-json\/wp\/v2\/comments?post=431699"}],"version-history":[{"count":0,"href":"http:\/\/desarrollo.grupomedios.com\/futbol\/wp-json\/wp\/v2\/posts\/431699\/revisions"}],"wp:featuredmedia":[{"embeddable":true,"href":"http:\/\/desarrollo.grupomedios.com\/futbol\/wp-json\/wp\/v2\/media\/431700"}],"wp:attachment":[{"href":"http:\/\/desarrollo.grupomedios.com\/futbol\/wp-json\/wp\/v2\/media?parent=431699"}],"wp:term":[{"taxonomy":"category","embeddable":true,"href":"http:\/\/desarrollo.grupomedios.com\/futbol\/wp-json\/wp\/v2\/categories?post=431699"},{"taxonomy":"post_tag","embeddable":true,"href":"http:\/\/desarrollo.grupomedios.com\/futbol\/wp-json\/wp\/v2\/tags?post=431699"}],"curies":[{"name":"wp","href":"https:\/\/api.w.org\/{rel}","templated":true}]}}