{"id":431717,"date":"2016-09-26T18:06:56","date_gmt":"2016-09-26T23:06:56","guid":{"rendered":"https:\/\/www.futboltotal.com.mx\/?p=431717"},"modified":"2016-09-27T08:25:47","modified_gmt":"2016-09-27T13:25:47","slug":"juventus-visorea-a-hector-herrera","status":"publish","type":"post","link":"http:\/\/desarrollo.grupomedios.com\/futbol\/futbol-internacional\/juventus-visorea-a-hector-herrera\/2016\/09","title":{"rendered":"Juventus visorea a H\u00e9ctor Herrera"},"content":{"rendered":"<p>La\u00a0<strong>Juventus\u00a0<\/strong>ha reactivado el inter\u00e9s en el mexicano <strong>H\u00e9ctor Herrera<\/strong>, quien ahora es capit\u00e1n del <strong>Porto<\/strong> y una de las piezas clave en el esquema del entrenador portugu\u00e9s Nuno Espirito Santo.<\/p>\n<p>Este lunes, la prensa italiana revel\u00f3 que al partido del viernes pasado entre el Porto y el Boavista acudieron visores de la <em>Vecchia Signora\u00a0<\/em>para dar seguimiento a <strong>Herrera<\/strong><strong>, <\/strong>situado como uno de los posibles fichajes futuribles del club.<\/p>\n<p style=\"text-align: center;\"><a href=\"https:\/\/www.futboltotal.com.mx\/futbol-internacional\/mexicanos-en-europa\/\"><strong><span style=\"color: #3366ff;\">LEER M\u00c1S: Todas las noticias de mexicanos en Europa<\/span><\/strong><\/a><\/p>\n<p>Eso s\u00ed, poco pudieron registrar en la bit\u00e1cora de visor\u00eda. Y es que el mexicano ingres\u00f3 de cambio hasta el minuto 75 en sustituci\u00f3n de Andr\u00e9 Andr\u00e9. Para sorpresa de los emisarios del cuadro italiano, <strong>Herrera<\/strong> por primera vez ingres\u00f3 de cambio en lo que va de la temporada 2016-17, pues tanto en Liga como Copa y Champions, donde hab\u00eda disputado seis partidos totales, tuvo un desgaste importante al sumar poco m\u00e1s de 500 minutos.<\/p>\n<p>De cualquier manera hubo &#8220;registros positivos&#8221; del desempe\u00f1o de <em>HH,\u00a0<\/em>seg\u00fan apunta este d\u00eda el portal <em>sportmediaset. <\/em><\/p>\n<p>No es la primera vez que la <em>Juve<\/em>\u00a0visorea\u00a0a <strong>Herrera<\/strong>. La primera vez fue a principios de a\u00f1o cuando el club estaba en busca del recambio del franc\u00e9s Paul Pogba, traspasado en el verano pasado al Manchester United en una cifra r\u00e9cord.<\/p>\n<p>Si en alg\u00fan momento la <strong>Juventus<\/strong> presenta una oferta formal para fichar al mexicano, debe ser superior a los 20 millones de euros, toda vez que el Porto dio a conocer en el \u00faltimo mercado de verano que solo por esta cantidad podr\u00eda traspasarlo. De hecho, el Napoli quiso ficharlo por una cifra menor -cercana a los 18 MDE- y por ello no pudo ficharlo, seg\u00fan revel\u00f3 en aquella ocasi\u00f3n el diario la <em>Gazzetta dello Sport.\u00a0<\/em><\/p>\n","protected":false},"excerpt":{"rendered":"<p>El mediocampista mexicano regresa a la \u00f3rbita del conjunto bianconero<\/p>\n","protected":false},"author":20,"featured_media":431721,"comment_status":"closed","ping_status":"closed","sticky":false,"template":"","format":"standard","meta":[],"categories":[3839,3848,5951],"tags":[5995,5999,4545],"_links":{"self":[{"href":"http:\/\/desarrollo.grupomedios.com\/futbol\/wp-json\/wp\/v2\/posts\/431717"}],"collection":[{"href":"http:\/\/desarrollo.grupomedios.com\/futbol\/wp-json\/wp\/v2\/posts"}],"about":[{"href":"http:\/\/desarrollo.grupomedios.com\/futbol\/wp-json\/wp\/v2\/types\/post"}],"author":[{"embeddable":true,"href":"http:\/\/desarrollo.grupomedios.com\/futbol\/wp-json\/wp\/v2\/users\/20"}],"replies":[{"embeddable":true,"href":"http:\/\/desarrollo.grupomedios.com\/futbol\/wp-json\/wp\/v2\/comments?post=431717"}],"version-history":[{"count":0,"href":"http:\/\/desarrollo.grupomedios.com\/futbol\/wp-json\/wp\/v2\/posts\/431717\/revisions"}],"wp:featuredmedia":[{"embeddable":true,"href":"http:\/\/desarrollo.grupomedios.com\/futbol\/wp-json\/wp\/v2\/media\/431721"}],"wp:attachment":[{"href":"http:\/\/desarrollo.grupomedios.com\/futbol\/wp-json\/wp\/v2\/media?parent=431717"}],"wp:term":[{"taxonomy":"category","embeddable":true,"href":"http:\/\/desarrollo.grupomedios.com\/futbol\/wp-json\/wp\/v2\/categories?post=431717"},{"taxonomy":"post_tag","embeddable":true,"href":"http:\/\/desarrollo.grupomedios.com\/futbol\/wp-json\/wp\/v2\/tags?post=431717"}],"curies":[{"name":"wp","href":"https:\/\/api.w.org\/{rel}","templated":true}]}}