{"id":431799,"date":"2016-09-26T19:16:38","date_gmt":"2016-09-27T00:16:38","guid":{"rendered":"https:\/\/www.futboltotal.com.mx\/?p=431799"},"modified":"2016-09-27T09:36:50","modified_gmt":"2016-09-27T14:36:50","slug":"chicharito-fabian-en-11-ideal-la-bundesliga","status":"publish","type":"post","link":"http:\/\/desarrollo.grupomedios.com\/futbol\/futbol-internacional\/chicharito-fabian-en-11-ideal-la-bundesliga\/2016\/09","title":{"rendered":"Chicharito y Fabi\u00e1n, en el 11 ideal de la Bundesliga"},"content":{"rendered":"<p>Los mexicanos <strong>Javier Chicharito Hern\u00e1ndez<\/strong> y <strong>Marco Fabi\u00e1n<\/strong> del Bayer Leverkusen y el Eitracht Frankfurt, respectivamente, fueron elegidos como parte del once ideal de la quinta fecha de la Bundesliga.<\/p>\n<p><strong>Chicharito<\/strong>\u00a0tuvo una destacada participaci\u00f3n con su escuadra el fin de semana al marcar un <em>hat-trick <\/em>-su segundo por Europa a nivel de clubes- en la victoria de las <em>Aspirinas<\/em>\u00a0(3-2) sobre el Mainz 05 el pasado s\u00e1bado.<\/p>\n<p style=\"text-align: center;\"><span style=\"color: #3366ff;\"><a style=\"color: #3366ff;\" href=\"https:\/\/www.futboltotal.com.mx\/2016\/09\/chicharito-gana-mvp-la-bundesliga\/\"><strong>LEER M\u00c1S: Chicharito gana el MVP de la Bundesliga<\/strong><\/a><\/span><\/p>\n<p style=\"text-align: center;\"><a href=\"https:\/\/www.futboltotal.com.mx\/wp-content\/uploads\/2016\/09\/Once-Ideal-Chicharito-.jpg\"><img decoding=\"async\" loading=\"lazy\" class=\"alignnone size-full wp-image-431800\" src=\"https:\/\/www.futboltotal.com.mx\/wp-content\/uploads\/2016\/09\/Once-Ideal-Chicharito-.jpg\" alt=\"once-ideal-chicharito\" srcset=\"http:\/\/desarrollo.grupomedios.com\/futbol\/wp-content\/uploads\/2016\/09\/Once-Ideal-Chicharito-.jpg 968w, http:\/\/desarrollo.grupomedios.com\/futbol\/wp-content\/uploads\/2016\/09\/Once-Ideal-Chicharito--300x169.jpg 300w, http:\/\/desarrollo.grupomedios.com\/futbol\/wp-content\/uploads\/2016\/09\/Once-Ideal-Chicharito--768x432.jpg 768w, http:\/\/desarrollo.grupomedios.com\/futbol\/wp-content\/uploads\/2016\/09\/Once-Ideal-Chicharito--317x178.jpg 317w, http:\/\/desarrollo.grupomedios.com\/futbol\/wp-content\/uploads\/2016\/09\/Once-Ideal-Chicharito--535x301.jpg 535w, http:\/\/desarrollo.grupomedios.com\/futbol\/wp-content\/uploads\/2016\/09\/Once-Ideal-Chicharito--374x210.jpg 374w\" sizes=\"(max-width: 968px) 100vw, 968px\" \/><\/a><\/p>\n<p>Por su parte, <strong>Fabi\u00e1n<\/strong> colabor\u00f3 con un tanto en el empate del Eintracht 3-3 con el conjunto del Hertha Berl\u00edn, para cerrar una muy buena semana en su cuenta personal, al marcar dos goles y generar dos asistencias en tres partidos, de acuerdo con informaci\u00f3n difundida por la Bundesliga.<\/p>\n<p>Rene Adler del Hamburger SV, Theodor Gebre Selassie del Werder Bremen, Joshua Kimmich del Bayern M\u00fcnchen, Vedad Ibisevic del Hertha Berl\u00edn, Oscar Wendt y Mahmoud Dahoud del Borussia M\u00f6nchengladbach y Lukasz Piszczek, Ousumane Dembele y Pierre-Emerick Aubameyang del Borussia Dortmund completan la alineaci\u00f3n.<\/p>\n","protected":false},"excerpt":{"rendered":"<p>El par de mexicanos forma parte del equipo de ensue\u00f1o de la J5<\/p>\n","protected":false},"author":20,"featured_media":431801,"comment_status":"closed","ping_status":"closed","sticky":false,"template":"","format":"standard","meta":[],"categories":[3839,6822,6718,5951],"tags":[4335,120,131],"_links":{"self":[{"href":"http:\/\/desarrollo.grupomedios.com\/futbol\/wp-json\/wp\/v2\/posts\/431799"}],"collection":[{"href":"http:\/\/desarrollo.grupomedios.com\/futbol\/wp-json\/wp\/v2\/posts"}],"about":[{"href":"http:\/\/desarrollo.grupomedios.com\/futbol\/wp-json\/wp\/v2\/types\/post"}],"author":[{"embeddable":true,"href":"http:\/\/desarrollo.grupomedios.com\/futbol\/wp-json\/wp\/v2\/users\/20"}],"replies":[{"embeddable":true,"href":"http:\/\/desarrollo.grupomedios.com\/futbol\/wp-json\/wp\/v2\/comments?post=431799"}],"version-history":[{"count":0,"href":"http:\/\/desarrollo.grupomedios.com\/futbol\/wp-json\/wp\/v2\/posts\/431799\/revisions"}],"wp:featuredmedia":[{"embeddable":true,"href":"http:\/\/desarrollo.grupomedios.com\/futbol\/wp-json\/wp\/v2\/media\/431801"}],"wp:attachment":[{"href":"http:\/\/desarrollo.grupomedios.com\/futbol\/wp-json\/wp\/v2\/media?parent=431799"}],"wp:term":[{"taxonomy":"category","embeddable":true,"href":"http:\/\/desarrollo.grupomedios.com\/futbol\/wp-json\/wp\/v2\/categories?post=431799"},{"taxonomy":"post_tag","embeddable":true,"href":"http:\/\/desarrollo.grupomedios.com\/futbol\/wp-json\/wp\/v2\/tags?post=431799"}],"curies":[{"name":"wp","href":"https:\/\/api.w.org\/{rel}","templated":true}]}}