{"id":431817,"date":"2016-09-27T13:44:55","date_gmt":"2016-09-27T18:44:55","guid":{"rendered":"https:\/\/www.futboltotal.com.mx\/?p=431817"},"modified":"2016-09-27T16:32:07","modified_gmt":"2016-09-27T21:32:07","slug":"en-vivo-monaco-vs-leverkusen-champions-league","status":"publish","type":"post","link":"http:\/\/desarrollo.grupomedios.com\/futbol\/futbol-internacional\/en-vivo-monaco-vs-leverkusen-champions-league\/2016\/09","title":{"rendered":"AS\u00cd SE VIVI\u00d3 | M\u00f3naco 1-1 Bayer Leverkusen | Champions League"},"content":{"rendered":"<p><span style=\"color: #ff0000;\">90+5<\/span> | \u00a1Termina el partido! El M\u00f3naco empata el partido en el \u00faltimo minuto con un golazo del polaco Glik.<\/p>\n<p><span style=\"color: #ff0000;\">90+4<\/span> | \u00a1GOOOOOOOOOOOOL DEL M\u00d3NACO! Glik agarra botando el bal\u00f3n y mete disparo al \u00e1ngulo de Leno para empatar el partido.<\/p>\n<p><span style=\"color: #ff0000;\">90:00<\/span> | \u00a1Se la pierde el M\u00f3naco! La tuvo sobre el final Carrillo<\/p>\n<p><span style=\"color: #ff0000;\">88:00<\/span> | \u00daltima modificaci\u00f3n del Leverkusen. Se va el autor del gol, Javier Hern\u00e1ndez y entra Baumartlinger.<\/p>\n<p><span style=\"color: #ff0000;\">86:00<\/span> | Contragolpe del Leverkusen y corta bien Fabinho ante la llegada al arco de Kiessling.<\/p>\n<p><span style=\"color: #ff0000;\">82:00<\/span> | \u00a1Tiro de Mehmedi y el bal\u00f3n pasa cerca del travesa\u00f1o!<\/p>\n<p><span style=\"color: #ff0000;\">77:00<\/span> | As\u00ed fue el remate de Javier Hern\u00e1ndez para abrir el marcador.<\/p>\n<blockquote class=\"twitter-tweet\" data-lang=\"es\">\n<p dir=\"ltr\" lang=\"es\">&#8216;Chicharito&#8217; Hern\u00e1ndez marca su gol 100 en Europa. El mexicano hace historia.<\/p>\n<p>\u00a1ERES UN CRACK, JAVIER!<\/p>\n<p><a href=\"https:\/\/t.co\/MbEmd9MhnL\">pic.twitter.com\/MbEmd9MhnL<\/a><\/p>\n<p>\u2014 FutMomento (@FutMomentoC) <a href=\"https:\/\/twitter.com\/FutMomentoC\/status\/780864894832828416\">27 de septiembre de 2016<\/a><\/p><\/blockquote>\n<p><script async src=\"\/\/platform.twitter.com\/widgets.js\" charset=\"utf-8\"><\/script><\/p>\n<p><span style=\"color: #ff0000;\">73:00<\/span> | \u00a1GOOOOOOOOOOL DE CHICHARITO! Javier Hern\u00e1ndez remata solo dentro del \u00e1rea y marca su gol n\u00famero 100 en Europa<\/p>\n<blockquote class=\"twitter-tweet\" data-lang=\"es\">\n<p dir=\"ltr\" lang=\"es\">\u00a1GOOOL, <a href=\"https:\/\/twitter.com\/CH14_\">@CH14_<\/a>!<\/p>\n<p>\u00a1Cien! Einhundert!<\/p>\n<p>\u00a1<a href=\"https:\/\/twitter.com\/hashtag\/Chicharito?src=hash\">#Chicharito<\/a> anot\u00f3 su gol en Europa!<\/p>\n<p>\u00a1Enorme, Hern\u00e1ndez! \u26ab\ufe0f <a href=\"https:\/\/t.co\/Oqyy7xBV1W\">pic.twitter.com\/Oqyy7xBV1W<\/a><\/p>\n<p>\u2014 Bayer 04 Leverkusen (@bayer04_es) <a href=\"https:\/\/twitter.com\/bayer04_es\/status\/780864187677290497\">27 de septiembre de 2016<\/a><\/p><\/blockquote>\n<p><script async src=\"\/\/platform.twitter.com\/widgets.js\" charset=\"utf-8\"><\/script><\/p>\n<p><span style=\"color: #ff0000;\">72:00<\/span> | Tambi\u00e9n hay cambio del M\u00f3naco. Se fue Germain y entro Carrillo.<\/p>\n<p><span style=\"color: #ff0000;\">72:00<\/span> | Segundo cambio del Bayer Leverkusen. Entra Mehmedi y sale Volland.<\/p>\n<p><span style=\"color: #ff0000;\">65:00<\/span> | La afici\u00f3n comienza a abuchear a los jugadores de ambos equipos, que han entregado un pobre espect\u00e1culo.<\/p>\n<p><span style=\"color: #ff0000;\">62:00<\/span> | Primer cambio del Leverkusen. Se va Julian Brandt y entra Stefan Kiessling<\/p>\n<blockquote class=\"twitter-tweet\" data-lang=\"es\">\n<p dir=\"ltr\" lang=\"es\">63&#8242; Cambio de <a href=\"https:\/\/twitter.com\/hashtag\/Bayer04?src=hash\">#Bayer04<\/a>:<\/p>\n<p>\u2b05\ufe0f <a href=\"https:\/\/twitter.com\/hashtag\/Brandt?src=hash\">#Brandt<\/a><br \/>\n\u27a1\ufe0f <a href=\"https:\/\/twitter.com\/hashtag\/Kiessling?src=hash\">#Kiessling<\/a> <a href=\"https:\/\/twitter.com\/hashtag\/ASMB04?src=hash\">#ASMB04<\/a> <a href=\"https:\/\/t.co\/DKuXY4pJR9\">pic.twitter.com\/DKuXY4pJR9<\/a><\/p>\n<p>\u2014 Bayer 04 Leverkusen (@bayer04_es) <a href=\"https:\/\/twitter.com\/bayer04_es\/status\/780861470225502208\">27 de septiembre de 2016<\/a><\/p><\/blockquote>\n<p><script async src=\"\/\/platform.twitter.com\/widgets.js\" charset=\"utf-8\"><\/script><\/p>\n<p><span style=\"color: #ff0000;\">60:00<\/span> | Tiro de esquina para el Bayer Leverkusen. Cobra Julian Brandt.<\/p>\n<p><span style=\"color: #ff0000;\">55:00<\/span> | Disparo de Volland desde fuera del \u00e1rea y Subasic controla.<\/p>\n<p><span style=\"color: #ff0000;\">50:00<\/span> | \u00a1Se salva el Leverkusen! Tiro desviado por parte de Moutinho y el bal\u00f3n se va por encima del marco.<\/p>\n<p><span style=\"color: #ff0000;\">47:00<\/span> | Tiro de Chicharito que controla f\u00e1cil Subasic.<\/p>\n<p><span style=\"color: #ff0000;\">46:00<\/span> | Esta fue la jugada m\u00e1s peligrosa del primer tiempo.<\/p>\n<blockquote class=\"twitter-tweet\" data-lang=\"es\">\n<p dir=\"ltr\" lang=\"und\"><a href=\"https:\/\/t.co\/B54v9YmzOk\">pic.twitter.com\/B54v9YmzOk<\/a><\/p>\n<p>\u2014 Videos Futbol (@videosfutbol16) <a href=\"https:\/\/twitter.com\/videosfutbol16\/status\/780854020319551488\">27 de septiembre de 2016<\/a><\/p><\/blockquote>\n<p><script async src=\"\/\/platform.twitter.com\/widgets.js\" charset=\"utf-8\"><\/script><\/p>\n<p><span style=\"color: #ff0000;\">45:01<\/span> | \u00a1Comienza la segunda mitad! Se mantienen los mismos 22 que terminaron el primer tiempo.<\/p>\n<p><span style=\"color: #ff0000;\">45+2<\/span> | Termina el primer tiempo. M\u00f3naco y Bayer Leverkusen dejaron las emociones para el segundo tiempo.<\/p>\n<p><span style=\"color: #ff0000;\">45+1<\/span> | \u00a1Subasic le roba el gol a Chicharito! El mexicano dispar\u00f3 de fuera del \u00e1rea y el arquero respondi\u00f3 de gran manera.<\/p>\n<p><span style=\"color: #ff0000;\">45:00<\/span> | Tuvieron que pasar 44 minutos para tener el primer disparo del encuentro. Muy cerrado el partido.<\/p>\n<p><span style=\"color: #ff0000;\">44:00<\/span> | \u00a1Se salva el Leverkusen! Disparo de Lemar que pasa a un lado del \u00e1ngulo que defiende Bernd Leno.<\/p>\n<p><span style=\"color: #ff0000;\">35:00<\/span> | Hasta ahora la posesi\u00f3n de bal\u00f3n es favorable para los visitantes con un 51%<\/p>\n<p><span style=\"color: #ff0000;\">30:00<\/span> | Excelente pase filtrado de Moutinho para Germain, pero Bernd Leno sale a cortar el bal\u00f3n.<\/p>\n<p><span style=\"color: #ff0000;\">24:00<\/span> | El central alem\u00e1n, Jonathan Tah, es el primer amonestado del partido y del Leverkusen.<\/p>\n<p><span style=\"color: #ff0000;\">22:00<\/span> | Tiro de esquina para el M\u00f3naco. Es el primero del partido.<\/p>\n<p><span style=\"color: #ff0000;\">19:00<\/span> | La afici\u00f3n del Leverkusen se hizo presente en M\u00f3naco.<\/p>\n<p><img decoding=\"async\" loading=\"lazy\" class=\"alignnone size-full wp-image-431991\" src=\"https:\/\/www.futboltotal.com.mx\/wp-content\/uploads\/2016\/09\/aficion-leverkusen.jpg\" alt=\"aficion-leverkusen\" srcset=\"http:\/\/desarrollo.grupomedios.com\/futbol\/wp-content\/uploads\/2016\/09\/aficion-leverkusen.jpg 858w, http:\/\/desarrollo.grupomedios.com\/futbol\/wp-content\/uploads\/2016\/09\/aficion-leverkusen-300x151.jpg 300w, http:\/\/desarrollo.grupomedios.com\/futbol\/wp-content\/uploads\/2016\/09\/aficion-leverkusen-768x386.jpg 768w, http:\/\/desarrollo.grupomedios.com\/futbol\/wp-content\/uploads\/2016\/09\/aficion-leverkusen-340x171.jpg 340w\" sizes=\"(max-width: 858px) 100vw, 858px\" \/><\/p>\n<p><span style=\"color: #ff0000;\">15:00<\/span> | M\u00f3naco espera atr\u00e1s a los dirigidos por Schmidt. Hasta ahora ninguno de los dos equipos ha generado peligro<\/p>\n<p><span style=\"color: #ff0000;\">10:00<\/span> | Los alemanes comienzan a tomar control del partido y prueban con disparos de fuera del \u00e1rea.<\/p>\n<p><span style=\"color: #ff0000;\">7:00<\/span> | El partido se pelea duro en medio campo. Se marcan recurrentes faltas por ambos equipos.<\/p>\n<p><span style=\"color: #ff0000;\">5:00<\/span> | Falta en media cancha sobre Javier Hern\u00e1ndez.<\/p>\n<p><span style=\"color: #ff0000;\">3:00<\/span> | El M\u00f3naco comienza a tener m\u00e1s la pelota, pero no encuentra la f\u00f3rmula para llegar a la porter\u00eda de Bernd Leno.<\/p>\n<p><span style=\"color: #ff0000;\">1:00<\/span> | Centro para Kevin Volland y el jugador del Bayer se pierde la primera.<\/p>\n<p><span style=\"color: #ff0000;\">0:00<\/span> | Arranca el partido! Ya juegan M\u00f3naco y Bayer Leverkusen<\/p>\n<p>| As\u00ed est\u00e1 el Grupo E , donde el <strong>M\u00f3naco<\/strong> va a la cabeza luego de su victoria ante el Tottenham, mientras que el<strong> Leverkusen<\/strong> empat\u00f3 frente al CSK.<\/p>\n<blockquote class=\"twitter-tweet\" data-lang=\"es\">\n<p dir=\"ltr\" lang=\"es\">\u00a1El Grupo E de la <a href=\"https:\/\/twitter.com\/LigadeCampeones\">@LigadeCampeones<\/a>!<a href=\"https:\/\/twitter.com\/hashtag\/ASMB04?src=hash\">#ASMB04<\/a> <a href=\"https:\/\/twitter.com\/hashtag\/UCL?src=hash\">#UCL<\/a> <a href=\"https:\/\/t.co\/vWbG82ooLt\">pic.twitter.com\/vWbG82ooLt<\/a><\/p>\n<p>\u2014 Bayer 04 Leverkusen (@bayer04_es) <a href=\"https:\/\/twitter.com\/bayer04_es\/status\/780834391731806209\">27 de septiembre de 2016<\/a><\/p><\/blockquote>\n<p><script async src=\"\/\/platform.twitter.com\/widgets.js\" charset=\"utf-8\"><\/script><\/p>\n<p>| El vestidor del <strong>Bayer Leverkusen<\/strong> ya est\u00e1 listo para el partido en el Stade Louis II<\/p>\n<p><img decoding=\"async\" loading=\"lazy\" class=\"alignnone size-full wp-image-431935\" src=\"https:\/\/www.futboltotal.com.mx\/wp-content\/uploads\/2016\/09\/vestidor-leverkusen.jpg\" alt=\"vestidor-leverkusen\" srcset=\"http:\/\/desarrollo.grupomedios.com\/futbol\/wp-content\/uploads\/2016\/09\/vestidor-leverkusen.jpg 858w, http:\/\/desarrollo.grupomedios.com\/futbol\/wp-content\/uploads\/2016\/09\/vestidor-leverkusen-300x151.jpg 300w, http:\/\/desarrollo.grupomedios.com\/futbol\/wp-content\/uploads\/2016\/09\/vestidor-leverkusen-768x386.jpg 768w, http:\/\/desarrollo.grupomedios.com\/futbol\/wp-content\/uploads\/2016\/09\/vestidor-leverkusen-340x171.jpg 340w\" sizes=\"(max-width: 858px) 100vw, 858px\" \/><\/p>\n<p>| Estos son los 11 que saldr\u00e1n por parte del <strong>M\u00f3naco<\/strong>.<\/p>\n<blockquote class=\"twitter-tweet\" data-lang=\"es\">\n<p dir=\"ltr\" lang=\"es\">\u00a1\u00a1As\u00ed saltar\u00e1n los rojiblancos en el Louis II!! <a href=\"https:\/\/twitter.com\/hashtag\/ASMB04?src=hash\">#ASMB04<\/a> <a href=\"https:\/\/twitter.com\/hashtag\/UCL?src=hash\">#UCL<\/a> <a href=\"https:\/\/t.co\/e5cedScIKh\">pic.twitter.com\/e5cedScIKh<\/a><\/p>\n<p>\u2014 AS Monaco ES (@AS_Monaco_ES) <a href=\"https:\/\/twitter.com\/AS_Monaco_ES\/status\/780830901051809792\">27 de septiembre de 2016<\/a><\/p><\/blockquote>\n<p><script async src=\"\/\/platform.twitter.com\/widgets.js\" charset=\"utf-8\"><\/script><\/p>\n<p>| As\u00ed sale el <strong>Bayer Leverkusen<\/strong>, con el mexicano Javier Chicharito Hern\u00e1ndez como titular.<\/p>\n<blockquote class=\"twitter-tweet\" data-lang=\"es\">\n<p dir=\"ltr\" lang=\"en\">\u00a1Nuestro 1\ufe0f\u20e31\ufe0f\u20e3 inicial! \u26ab\ufe0f<\/p>\n<p>\u00a1Vamos, <a href=\"https:\/\/twitter.com\/hashtag\/Bayer04?src=hash\">#Bayer04<\/a>! <a href=\"https:\/\/twitter.com\/hashtag\/ASMB04?src=hash\">#ASMB04<\/a> <a href=\"https:\/\/twitter.com\/hashtag\/ChampionsxFOX?src=hash\">#ChampionsxFOX<\/a> <a href=\"https:\/\/t.co\/tESf9PUNZf\">pic.twitter.com\/tESf9PUNZf<\/a><\/p>\n<p>\u2014 Bayer 04 Leverkusen (@bayer04_es) <a href=\"https:\/\/twitter.com\/bayer04_es\/status\/780826577877684224\">27 de septiembre de 2016<\/a><\/p><\/blockquote>\n<p><script async src=\"\/\/platform.twitter.com\/widgets.js\" charset=\"utf-8\"><\/script><\/p>\n<p>| Bienvenidos a nuestro minuto a minuto entre el <strong>M\u00f3naco<\/strong> y el <strong>Bayer Leverkusen<\/strong> por la fecha 2 de la UEFA Champions League.<\/p>\n<p style=\"text-align: center;\"><strong>PREVIA<\/strong><\/p>\n<p>La expedici\u00f3n a Francia para enfrentar al M\u00f3naco en la segunda jornada de la Fase de Grupos de Champions League ser\u00e1 un reto de altura para el <strong>Bayer Leverkusen<\/strong> y el mexicano <strong>Javier Chicharito Hern\u00e1ndez<\/strong>, quien llega totalmente enchufado tras haber marcado un<em> hat-trick<\/em> ante el Mainz <a href=\"https:\/\/www.futboltotal.com.mx\/2016\/09\/chicharito-fabian-en-11-ideal-la-bundesliga\/\">que le vali\u00f3 para ser MVP y ganarse un sitio en Jornada 5 de la Bundesliga.<\/a><\/p>\n<p>Y es que las <em>Aspirinas<\/em>\u00a0nunca han podido vencer al M\u00f3naco en esta competici\u00f3n y por si fuera poco el cuadro monegasco ha ganado seis de sus \u00faltimos siete encuentros oficiales ante equipos alemanes y en esos triunfos nunca ha podido marcar un gol.<\/p>\n<p style=\"text-align: center;\"><span style=\"color: #3366ff;\"><strong><a style=\"color: #3366ff;\" href=\"https:\/\/www.futboltotal.com.mx\/2016\/09\/chicharito-fabian-en-11-ideal-la-bundesliga\/\">LEER M\u00c1S: Todas las noticias de mexicanos en Europa<\/a><\/strong><\/span><\/p>\n<p>Sin embargo el entrenador del\u00a0<strong>Bayer Leverkusen<\/strong>, <strong>Roger Schmidt<\/strong>, conf\u00eda en el calibre goleador de <strong>Chicharito<\/strong> no solo porque el curso pasado fue el l\u00edder anotador del club, sino porque ha tenido un gran inicio en la presente campa\u00f1a donde ha marcado cinco goles en seis partidos; adem\u00e1s de un par de asistencias.<\/p>\n<blockquote><p>\u201cJavier es muy importante para el equipo y respecto al partido del fin de semana, fue muy importante para \u00e9l marcar un hat-trick, eso le da m\u00e1s confianza y por supuesto eso beneficia al equipo\u201d, dijo el estratega en entrevista para los medios locales.<\/p><\/blockquote>\n<p>El siguiente reto para las <em>Aspirinas<\/em>\u00a0es un resultado positivo en el partido que tendr\u00e1n cuando visiten al M\u00f3naco y con ello recuperar terreno despu\u00e9s de haber empatado 2-2 en el arranque de la competici\u00f3n ante el CSKA.<\/p>\n<blockquote><p>\u201cAhora, con ese buen juego en la liga, esperamos trasladarlo al partido contra el M\u00f3naco en la fase de Champions League para sacar un buen resultado\u201d.<\/p><\/blockquote>\n<p><strong>Chicharito Hern\u00e1ndez<\/strong> lleva 99 goles en Europa y nunca ha enfrentado al cuadro franc\u00e9s. Llegar\u00e1 m\u00e1s que motivado a este cotejo, toda vez que est\u00e1 a un gol de romper la barrera de las 100 anotaciones en Europa.<\/p>\n","protected":false},"excerpt":{"rendered":"<p>CH7 y las Aspirinas buscan romper el maleficio ante los franceses en la UCL <\/p>\n","protected":false},"author":20,"featured_media":432104,"comment_status":"closed","ping_status":"closed","sticky":false,"template":"","format":"standard","meta":[],"categories":[3841,3839,6718,5951],"tags":[4335,120,6574],"_links":{"self":[{"href":"http:\/\/desarrollo.grupomedios.com\/futbol\/wp-json\/wp\/v2\/posts\/431817"}],"collection":[{"href":"http:\/\/desarrollo.grupomedios.com\/futbol\/wp-json\/wp\/v2\/posts"}],"about":[{"href":"http:\/\/desarrollo.grupomedios.com\/futbol\/wp-json\/wp\/v2\/types\/post"}],"author":[{"embeddable":true,"href":"http:\/\/desarrollo.grupomedios.com\/futbol\/wp-json\/wp\/v2\/users\/20"}],"replies":[{"embeddable":true,"href":"http:\/\/desarrollo.grupomedios.com\/futbol\/wp-json\/wp\/v2\/comments?post=431817"}],"version-history":[{"count":0,"href":"http:\/\/desarrollo.grupomedios.com\/futbol\/wp-json\/wp\/v2\/posts\/431817\/revisions"}],"wp:featuredmedia":[{"embeddable":true,"href":"http:\/\/desarrollo.grupomedios.com\/futbol\/wp-json\/wp\/v2\/media\/432104"}],"wp:attachment":[{"href":"http:\/\/desarrollo.grupomedios.com\/futbol\/wp-json\/wp\/v2\/media?parent=431817"}],"wp:term":[{"taxonomy":"category","embeddable":true,"href":"http:\/\/desarrollo.grupomedios.com\/futbol\/wp-json\/wp\/v2\/categories?post=431817"},{"taxonomy":"post_tag","embeddable":true,"href":"http:\/\/desarrollo.grupomedios.com\/futbol\/wp-json\/wp\/v2\/tags?post=431817"}],"curies":[{"name":"wp","href":"https:\/\/api.w.org\/{rel}","templated":true}]}}