{"id":432459,"date":"2016-09-28T13:09:32","date_gmt":"2016-09-28T18:09:32","guid":{"rendered":"https:\/\/www.futboltotal.com.mx\/?p=432459"},"modified":"2016-09-28T13:09:32","modified_gmt":"2016-09-28T18:09:32","slug":"bauza-convoca-a-guido-pizarro-con-argentina","status":"publish","type":"post","link":"http:\/\/desarrollo.grupomedios.com\/futbol\/futbol-internacional\/bauza-convoca-a-guido-pizarro-con-argentina\/2016\/09","title":{"rendered":"Bauza convoca a Guido Pizarro con Argentina"},"content":{"rendered":"<p>El entrenador de la Selecci\u00f3n <strong>Argentina<\/strong>, Edgardo Bauza, defini\u00f3 este mi\u00e9rcoles la convocatoria de la <em>Albiceleste<\/em> para disputar la pr\u00f3xima fecha de las eliminatorias rumbo al Mundial de Rusia 2018, en las que se medir\u00e1 a Per\u00fa (6 de octubre) y Paraguay (11 de octubre).<\/p>\n<p>Est\u00e1 lista tiene como uno de las grandes novedades al mediocampista de Tigres de la UANL, <strong>Guido Pizarro<\/strong>, incluido por primera vez tras su buen rendimiento en la Liga MX y ante la baja por lesi\u00f3n de Augusto Fern\u00e1ndez y\u00a0Lucas Biglia, quien sufre un desgarre en el gemelo interno de la pierna izquierda, que le dejar\u00e1 fuera de actividad al menos mes y medio.<\/p>\n<p>Asimismo, entre las grandes ausencias est\u00e1 el delantero argentino Lionel Messi, quien aun se recupera de una lesi\u00f3n en el aductor de la pierna derecha. Tampoco figura Carlos T\u00e9vez, aun lejos de recobrar su mejor nivel y poder enganchar de nuevo a Bauza.<\/p>\n<p style=\"text-align: center;\"><a href=\"https:\/\/www.futboltotal.com.mx\/futbol-internacional\/\"><span style=\"color: #3366ff;\"><strong>LEER M\u00c1S: Todas las noticias de futbol internacional\u00a0<\/strong><\/span><\/a><\/p>\n<blockquote class=\"twitter-tweet\" data-lang=\"es\">\n<p dir=\"ltr\" lang=\"es\"><a href=\"https:\/\/twitter.com\/hashtag\/Eliminatorias?src=hash\">#Eliminatorias<\/a> Mariano And\u00fajar, Emmanuel Mas, Guido Pizarro y Lucas Alario se suman a la convocatoria para los pr\u00f3ximos encuentros. <a href=\"https:\/\/t.co\/SKWnLlRTUi\">pic.twitter.com\/SKWnLlRTUi<\/a><\/p>\n<p>\u2014 Selecci\u00f3n Argentina (@Argentina) <a href=\"https:\/\/twitter.com\/Argentina\/status\/781120585577398272\">28 de septiembre de 2016<\/a><\/p><\/blockquote>\n<p><script async src=\"\/\/platform.twitter.com\/widgets.js\" charset=\"utf-8\"><\/script><\/p>\n<p><strong>Argentina<\/strong>, que en la fecha pasada de las eliminatorias empat\u00f3 2-2 con Venezuela y venci\u00f3 1-0 a Uruguay, acumula 13 puntos y por ahora tiene una de las cuatro plazas directas al Mundial de Rusia 2018. En su primer compromiso tendr\u00e1 que enfrentar al sotanero Per\u00fa, que apenas tiene siete puntos en ocho duelos jugados, y en el choque m\u00e1s destacado se medir\u00e1 ante Paraguay, que suma 12 unidades y est\u00e1 a un puntito de situarse en zona de repesca, donde se ubica Ecuador.<\/p>\n","protected":false},"excerpt":{"rendered":"<p>El DT de la Albiceleste da sorpresiva lista para enfrentar a Per\u00fa y Paraguay<\/p>\n","protected":false},"author":20,"featured_media":432463,"comment_status":"closed","ping_status":"closed","sticky":false,"template":"","format":"standard","meta":[],"categories":[3839,5951],"tags":[5996,3991],"_links":{"self":[{"href":"http:\/\/desarrollo.grupomedios.com\/futbol\/wp-json\/wp\/v2\/posts\/432459"}],"collection":[{"href":"http:\/\/desarrollo.grupomedios.com\/futbol\/wp-json\/wp\/v2\/posts"}],"about":[{"href":"http:\/\/desarrollo.grupomedios.com\/futbol\/wp-json\/wp\/v2\/types\/post"}],"author":[{"embeddable":true,"href":"http:\/\/desarrollo.grupomedios.com\/futbol\/wp-json\/wp\/v2\/users\/20"}],"replies":[{"embeddable":true,"href":"http:\/\/desarrollo.grupomedios.com\/futbol\/wp-json\/wp\/v2\/comments?post=432459"}],"version-history":[{"count":0,"href":"http:\/\/desarrollo.grupomedios.com\/futbol\/wp-json\/wp\/v2\/posts\/432459\/revisions"}],"wp:featuredmedia":[{"embeddable":true,"href":"http:\/\/desarrollo.grupomedios.com\/futbol\/wp-json\/wp\/v2\/media\/432463"}],"wp:attachment":[{"href":"http:\/\/desarrollo.grupomedios.com\/futbol\/wp-json\/wp\/v2\/media?parent=432459"}],"wp:term":[{"taxonomy":"category","embeddable":true,"href":"http:\/\/desarrollo.grupomedios.com\/futbol\/wp-json\/wp\/v2\/categories?post=432459"},{"taxonomy":"post_tag","embeddable":true,"href":"http:\/\/desarrollo.grupomedios.com\/futbol\/wp-json\/wp\/v2\/tags?post=432459"}],"curies":[{"name":"wp","href":"https:\/\/api.w.org\/{rel}","templated":true}]}}