{"id":432584,"date":"2016-09-28T18:08:58","date_gmt":"2016-09-28T23:08:58","guid":{"rendered":"https:\/\/www.futboltotal.com.mx\/?p=432584"},"modified":"2016-09-28T18:09:31","modified_gmt":"2016-09-28T23:09:31","slug":"detallazo-cristiano-aubameyang","status":"publish","type":"post","link":"http:\/\/desarrollo.grupomedios.com\/futbol\/futbol-internacional\/detallazo-cristiano-aubameyang\/2016\/09","title":{"rendered":"\u00a1Detallazo de Cristiano con Aubameyang!"},"content":{"rendered":"<p>La rivalidad entre <strong>Cristiano<\/strong> Ronaldo y Pierre Emerick<strong> Aubameyang<\/strong> acab\u00f3 tras 90 minutos y un empate 2-2 entre el Real Madrid y el Borussia Dortmund. Luego, ya en el vestidor del Signal Iduna Park, el portugu\u00e9s no dud\u00f3 en regalarle la camiseta con la que jug\u00f3 ante una petici\u00f3n muy especial: Auba la quer\u00eda para regalarla a su peque\u00f1o hijo Curtys, gran fan\u00e1tico de <em>CR7<\/em>.<\/p>\n<p>Un d\u00eda despu\u00e9s del partido, ya con la camiseta de <strong>Cristiano<\/strong> en manos de su hijo, <strong>Aubameyang<\/strong> colg\u00f3 un agradecimiento muy especial para el astro luso a trav\u00e9s de su cuenta de <em>Instagram.<\/em><\/p>\n<p style=\"text-align: center;\"><a href=\"https:\/\/www.futboltotal.com.mx\/futbol-internacional\/\"><span style=\"color: #3366ff;\"><strong>LEER M\u00c1S: Todas las noticias de futbol internacional\u00a0<\/strong><\/span><\/a><\/p>\n<blockquote class=\"instagram-media\" style=\"background: #FFF; border: 0; border-radius: 3px; box-shadow: 0 0 1px 0 rgba(0,0,0,0.5),0 1px 10px 0 rgba(0,0,0,0.15); margin: 1px; max-width: 658px; padding: 0; width: calc(100% - 2px);\" data-instgrm-captioned=\"\" data-instgrm-version=\"7\">\n<div style=\"padding: 8px;\">\n<div style=\"background: #F8F8F8; line-height: 0; margin-top: 40px; padding: 54.3504901961% 0; text-align: center; width: 100%;\"><\/div>\n<p style=\"margin: 8px 0 0 0; padding: 0 4px;\"><a style=\"color: #000; font-family: Arial,sans-serif; font-size: 14px; font-style: normal; font-weight: normal; line-height: 17px; text-decoration: none; word-wrap: break-word;\" href=\"https:\/\/www.instagram.com\/p\/BK6MLDAAjC4\/\" target=\"_blank\">@cristiano you&#8217;ve made my son happy <\/a><\/p>\n<p style=\"color: #c9c8cd; font-family: Arial,sans-serif; font-size: 14px; line-height: 17px; margin-bottom: 0; margin-top: 8px; overflow: hidden; padding: 8px 0 7px; text-align: center; text-overflow: ellipsis; white-space: nowrap;\">A photo posted by Aubameyang (@aubameyang97) on <time style=\"font-family: Arial,sans-serif; font-size: 14px; line-height: 17px;\" datetime=\"2016-09-28T18:12:30+00:00\">Sep 28, 2016 at 11:12am PDT<\/time><\/p>\n<\/div>\n<\/blockquote>\n<p><script async defer src=\"\/\/platform.instagram.com\/en_US\/embeds.js\"><\/script><\/p>\n","protected":false},"excerpt":{"rendered":"<p>El portugu\u00e9s se topo con el gabon\u00e9s en el vestuario y luego&#8230;<\/p>\n","protected":false},"author":20,"featured_media":432605,"comment_status":"closed","ping_status":"closed","sticky":false,"template":"","format":"standard","meta":[],"categories":[5419,3839],"tags":[5861,6013],"_links":{"self":[{"href":"http:\/\/desarrollo.grupomedios.com\/futbol\/wp-json\/wp\/v2\/posts\/432584"}],"collection":[{"href":"http:\/\/desarrollo.grupomedios.com\/futbol\/wp-json\/wp\/v2\/posts"}],"about":[{"href":"http:\/\/desarrollo.grupomedios.com\/futbol\/wp-json\/wp\/v2\/types\/post"}],"author":[{"embeddable":true,"href":"http:\/\/desarrollo.grupomedios.com\/futbol\/wp-json\/wp\/v2\/users\/20"}],"replies":[{"embeddable":true,"href":"http:\/\/desarrollo.grupomedios.com\/futbol\/wp-json\/wp\/v2\/comments?post=432584"}],"version-history":[{"count":0,"href":"http:\/\/desarrollo.grupomedios.com\/futbol\/wp-json\/wp\/v2\/posts\/432584\/revisions"}],"wp:featuredmedia":[{"embeddable":true,"href":"http:\/\/desarrollo.grupomedios.com\/futbol\/wp-json\/wp\/v2\/media\/432605"}],"wp:attachment":[{"href":"http:\/\/desarrollo.grupomedios.com\/futbol\/wp-json\/wp\/v2\/media?parent=432584"}],"wp:term":[{"taxonomy":"category","embeddable":true,"href":"http:\/\/desarrollo.grupomedios.com\/futbol\/wp-json\/wp\/v2\/categories?post=432584"},{"taxonomy":"post_tag","embeddable":true,"href":"http:\/\/desarrollo.grupomedios.com\/futbol\/wp-json\/wp\/v2\/tags?post=432584"}],"curies":[{"name":"wp","href":"https:\/\/api.w.org\/{rel}","templated":true}]}}