{"id":432667,"date":"2016-09-28T20:09:00","date_gmt":"2016-09-29T01:09:00","guid":{"rendered":"https:\/\/www.futboltotal.com.mx\/?p=432667"},"modified":"2016-09-28T20:09:00","modified_gmt":"2016-09-29T01:09:00","slug":"nacho-trelles-tendra-homenaje-del-senado-la-republica","status":"publish","type":"post","link":"http:\/\/desarrollo.grupomedios.com\/futbol\/futbol-mexicano\/nacho-trelles-tendra-homenaje-del-senado-la-republica\/2016\/09","title":{"rendered":"Senado de la Rep\u00fablica rendir\u00e1 homenaje a Nacho Tr\u00e9lles"},"content":{"rendered":"<p>El <strong>Senado de la Rep\u00fablica<\/strong> rendir\u00e1 un homenaje a <strong>Ignacio Tr\u00e9lles<\/strong> que en julio pasado cumpliera 100 a\u00f1os de vida. El reconocimiento ser\u00e1 por su Centenario y por la notable trayectoria en los banquillos que lo consagraran hasta la fecha como el entrenador m\u00e1s ganador de la Liga MX.<\/p>\n<p>El detalle se dar\u00e1 durante la Segunda Entrega del Galard\u00f3n \u201cGlorias de la Cr\u00f3nica Deportiva\u201d el pr\u00f3ximo 9 de noviembre, ah\u00ed el senador Marco Antonio Bl\u00e1quez gestionar\u00e1 la entrega.<\/p>\n<p>Por otra parte, el premio \u201cMario V\u00e1zquez Ra\u00f1a\u201d (quien impulsara el deporte durante su gesti\u00f3n en la presidencia del Comit\u00e9 Ol\u00edmpico Mexicano), se le dar\u00e1 en esta edici\u00f3n a Fernando von Rossum, comentarista de futbol americano.<\/p>\n<p><span style=\"color: #ff0000;\"><strong>VIDEO<\/strong>: agenda de TV de la jornada 12<\/span><br \/>\n[video_player]https:\/\/player.vimeo.com\/external\/184556103.sd.mp4?s=4a84f291c255f20c52bbfcb10efdb60ed1861c53&amp;profile_id=165[\/video_player]<\/p>\n","protected":false},"excerpt":{"rendered":"<p>El organismo reconocer\u00e1 la trayectoria del entrenador <\/p>\n","protected":false},"author":20,"featured_media":432669,"comment_status":"closed","ping_status":"closed","sticky":false,"template":"","format":"standard","meta":[],"categories":[2198,3845],"tags":[64],"_links":{"self":[{"href":"http:\/\/desarrollo.grupomedios.com\/futbol\/wp-json\/wp\/v2\/posts\/432667"}],"collection":[{"href":"http:\/\/desarrollo.grupomedios.com\/futbol\/wp-json\/wp\/v2\/posts"}],"about":[{"href":"http:\/\/desarrollo.grupomedios.com\/futbol\/wp-json\/wp\/v2\/types\/post"}],"author":[{"embeddable":true,"href":"http:\/\/desarrollo.grupomedios.com\/futbol\/wp-json\/wp\/v2\/users\/20"}],"replies":[{"embeddable":true,"href":"http:\/\/desarrollo.grupomedios.com\/futbol\/wp-json\/wp\/v2\/comments?post=432667"}],"version-history":[{"count":0,"href":"http:\/\/desarrollo.grupomedios.com\/futbol\/wp-json\/wp\/v2\/posts\/432667\/revisions"}],"wp:featuredmedia":[{"embeddable":true,"href":"http:\/\/desarrollo.grupomedios.com\/futbol\/wp-json\/wp\/v2\/media\/432669"}],"wp:attachment":[{"href":"http:\/\/desarrollo.grupomedios.com\/futbol\/wp-json\/wp\/v2\/media?parent=432667"}],"wp:term":[{"taxonomy":"category","embeddable":true,"href":"http:\/\/desarrollo.grupomedios.com\/futbol\/wp-json\/wp\/v2\/categories?post=432667"},{"taxonomy":"post_tag","embeddable":true,"href":"http:\/\/desarrollo.grupomedios.com\/futbol\/wp-json\/wp\/v2\/tags?post=432667"}],"curies":[{"name":"wp","href":"https:\/\/api.w.org\/{rel}","templated":true}]}}