{"id":432712,"date":"2016-09-28T21:12:41","date_gmt":"2016-09-29T02:12:41","guid":{"rendered":"https:\/\/www.futboltotal.com.mx\/?p=432712"},"modified":"2016-09-28T21:13:00","modified_gmt":"2016-09-29T02:13:00","slug":"resultado-concachampions-plaza-amador-1-0-tigres","status":"publish","type":"post","link":"http:\/\/desarrollo.grupomedios.com\/futbol\/destacado-home\/resultado-concachampions-plaza-amador-1-0-tigres\/2016\/09","title":{"rendered":"\u00a1Tigres tropieza en el Maracan\u00e1 de Panam\u00e1!"},"content":{"rendered":"<p>En el estadio Maracan\u00e1 de Panam\u00e1, <strong>Plaza Amador<\/strong> recibi\u00f3 a <strong>Tigres<\/strong> en busca de propinar un golpe de dignidad en la Concachampions, pues, ya sin posibilidades para acceder a Cuartos de Final, ten\u00eda que buscar cerrar con victoria.<\/p>\n<p>Desde el principio, <strong>Plaza Amador<\/strong> tuvo la iniciativa y el control del esf\u00e9rico, pero <strong>Tigres<\/strong> parec\u00eda m\u00e1s peligroso en los contragolpes; no obstante, poco a poco, el conjunto local pudo nulificar el ataque <em>felino<\/em>.<\/p>\n<p>El partido comenzaba a ser aburrido para la afici\u00f3n, pues el espect\u00e1culo se reduc\u00eda, hasta que al 36\u2019, Ricauter Barsallo abri\u00f3 el marcador, con un golazo de volea, desde fuera del \u00e1rea. Enrique Palos, que hab\u00eda hecho un gran trabajo, no pudo detener el esf\u00e9rico, pese a su espectacular vuelo.<\/p>\n<blockquote class=\"twitter-video\" data-lang=\"es\">\n<p dir=\"ltr\" lang=\"en\">GOAL Plaza Amador, Ricauter BARSALLO No. 10 | <a href=\"https:\/\/twitter.com\/cdplazaamador\">@cdplazaamador<\/a> <a href=\"https:\/\/twitter.com\/TigresOficial\">@TigresOficial<\/a> <a href=\"https:\/\/twitter.com\/hashtag\/SCCL?src=hash\">#SCCL<\/a> <a href=\"https:\/\/twitter.com\/hashtag\/SoyAficionado?src=hash\">#SoyAficionado<\/a> <a href=\"https:\/\/t.co\/1mb2gOxayn\">https:\/\/t.co\/1mb2gOxayn<\/a><\/p>\n<p>\u2014 THE CHAMPIONS (@TheChampions) <a href=\"https:\/\/twitter.com\/TheChampions\/status\/781293885699989504\">29 de septiembre de 2016<\/a><\/p><\/blockquote>\n<p><script async src=\"\/\/platform.twitter.com\/widgets.js\" charset=\"utf-8\"><\/script><\/p>\n<p>Para la parte complementaria, el conjunto <em>felino<\/em> hizo modificaciones en busca de encontrar el empate en tierras canaleras, pero el ataque de <strong>Tigres<\/strong> no mostr\u00f3 cambios en su creatividad hacia el frente y el marcador se mantuvo a favor del local.<\/p>\n<blockquote class=\"twitter-tweet\" data-lang=\"es\">\n<p dir=\"ltr\" lang=\"es\">&#8220;El triunfo se lo dedic\u00f3 a toda la afici\u00f3n de <a href=\"https:\/\/twitter.com\/hashtag\/Panam%C3%A1?src=hash\">#Panam\u00e1<\/a> y <a href=\"https:\/\/twitter.com\/cdplazaamador\">@cdplazaamador<\/a> el gol a mis hijos&#8221; Ricauter Barsallo <a href=\"https:\/\/twitter.com\/hashtag\/SCCL?src=hash\">#SCCL<\/a> <a href=\"https:\/\/twitter.com\/hashtag\/SoyAficionado?src=hash\">#SoyAficionado<\/a> <a href=\"https:\/\/t.co\/j06XzS0vTY\">pic.twitter.com\/j06XzS0vTY<\/a><\/p>\n<p>\u2014 THE CHAMPIONS (@TheChampions) <a href=\"https:\/\/twitter.com\/TheChampions\/status\/781314207946014720\">29 de septiembre de 2016<\/a><\/p><\/blockquote>\n<p><script async src=\"\/\/platform.twitter.com\/widgets.js\" charset=\"utf-8\"><\/script><\/p>\n<p>Con este resultado, el equipo de Ricardo Ferretti pospone su clasificaci\u00f3n hasta la \u00faltima fecha, ya que, por mostrar poca ambici\u00f3n en tierras canaleras, se jugar\u00e1 el pase a Cuartos de Final, ante el Herediano.<\/p>\n<div id=\"galleryqjm\" style=\"display:none;\"><img alt=\"\" src=\"http:\/\/desarrollo.grupomedios.com\/futbol\/wp-content\/uploads\/2016\/09\/plaza-amador-vs-tigres-en-vivo.jpg\" data-image=\"http:\/\/desarrollo.grupomedios.com\/futbol\/wp-content\/uploads\/2016\/09\/plaza-amador-vs-tigres-en-vivo.jpg\" data-description=\"plaza-amador-vs-tigres-en-vivo\"><img alt=\"\" src=\"http:\/\/desarrollo.grupomedios.com\/futbol\/wp-content\/uploads\/2016\/09\/en-vivo-plaza-amador-vs-tigres.jpg\" data-image=\"http:\/\/desarrollo.grupomedios.com\/futbol\/wp-content\/uploads\/2016\/09\/en-vivo-plaza-amador-vs-tigres.jpg\" data-description=\"en-vivo-plaza-amador-vs-tigres\"><img alt=\"\" src=\"http:\/\/desarrollo.grupomedios.com\/futbol\/wp-content\/uploads\/2016\/09\/en-vivo-plaza-amador-vs-tigres-concachampions.jpg\" data-image=\"http:\/\/desarrollo.grupomedios.com\/futbol\/wp-content\/uploads\/2016\/09\/en-vivo-plaza-amador-vs-tigres-concachampions.jpg\" data-description=\"en-vivo-plaza-amador-vs-tigres-concachampions\"><\/div>\n        <script>\n        \/\/galeria 1\n        jQuery(document).ready(function(){ \n            var api;\n            api = jQuery(\"#galleryqjm\").unitegallery({\n                carousel_autoplay: false\n            }); \n        });\n        <\/script>\n        \n<p><strong>Alineaciones:<\/strong><\/p>\n<p><strong>Plaza Amador:<\/strong> Hughes; Dixon, Mendoza, G\u00f3mez, Ortega; Jaramillo (Gonz\u00e1lez, 57\u2019), Murillo (Fraiz, 58\u2019), Piedrahita; \u00c1vila, Barsallo, Welch (Ward, 70\u2019). DT. Palacios.<\/p>\n<p><strong>Tigres:<\/strong> Palos; Jim\u00e9nez, Rivas, Castro, Acosta (Espericueta, 59\u2019); Rodr\u00edguez, Viniegra, Fern\u00e1ndez (Qui\u00f1ones, 53\u2019), \u00c1lvarez; Delort, Qui\u00f1ones (Silva, 74\u2019). DT. Ferretti.<\/p>\n<p style=\"text-align: center;\"><span style=\"color: #3366ff;\"><a style=\"color: #3366ff;\" href=\"https:\/\/www.futboltotal.com.mx\/2016\/09\/en-vivo-plaza-amador-vs-tigres-concachampions\/\" target=\"_blank\"><strong>LEER M\u00c1S: Plaza Amador 1-0 Tigres<\/strong><\/a><\/span><\/p>\n","protected":false},"excerpt":{"rendered":"<p>Los felinos no pudieron hacer da\u00f1o ante Plaza Amador<\/p>\n","protected":false},"author":20,"featured_media":432716,"comment_status":"closed","ping_status":"closed","sticky":false,"template":"","format":"standard","meta":[],"categories":[5398,5,3839,2198],"tags":[3182,5973],"_links":{"self":[{"href":"http:\/\/desarrollo.grupomedios.com\/futbol\/wp-json\/wp\/v2\/posts\/432712"}],"collection":[{"href":"http:\/\/desarrollo.grupomedios.com\/futbol\/wp-json\/wp\/v2\/posts"}],"about":[{"href":"http:\/\/desarrollo.grupomedios.com\/futbol\/wp-json\/wp\/v2\/types\/post"}],"author":[{"embeddable":true,"href":"http:\/\/desarrollo.grupomedios.com\/futbol\/wp-json\/wp\/v2\/users\/20"}],"replies":[{"embeddable":true,"href":"http:\/\/desarrollo.grupomedios.com\/futbol\/wp-json\/wp\/v2\/comments?post=432712"}],"version-history":[{"count":0,"href":"http:\/\/desarrollo.grupomedios.com\/futbol\/wp-json\/wp\/v2\/posts\/432712\/revisions"}],"wp:featuredmedia":[{"embeddable":true,"href":"http:\/\/desarrollo.grupomedios.com\/futbol\/wp-json\/wp\/v2\/media\/432716"}],"wp:attachment":[{"href":"http:\/\/desarrollo.grupomedios.com\/futbol\/wp-json\/wp\/v2\/media?parent=432712"}],"wp:term":[{"taxonomy":"category","embeddable":true,"href":"http:\/\/desarrollo.grupomedios.com\/futbol\/wp-json\/wp\/v2\/categories?post=432712"},{"taxonomy":"post_tag","embeddable":true,"href":"http:\/\/desarrollo.grupomedios.com\/futbol\/wp-json\/wp\/v2\/tags?post=432712"}],"curies":[{"name":"wp","href":"https:\/\/api.w.org\/{rel}","templated":true}]}}