{"id":432800,"date":"2016-09-29T09:50:44","date_gmt":"2016-09-29T14:50:44","guid":{"rendered":"https:\/\/www.futboltotal.com.mx\/?p=432800"},"modified":"2016-09-29T09:50:44","modified_gmt":"2016-09-29T14:50:44","slug":"real-madrid-jugara-a-puerta-cerrada-en-champions","status":"publish","type":"post","link":"http:\/\/desarrollo.grupomedios.com\/futbol\/futbol-internacional\/real-madrid-jugara-a-puerta-cerrada-en-champions\/2016\/09","title":{"rendered":"Real Madrid jugar\u00e1 a puerta cerrada en Champions"},"content":{"rendered":"<p>La Comisi\u00f3n de Control, \u00c9tica y Disciplina de la <strong>UEFA<\/strong> ha decidido que el <strong>Legia de Varsovia<\/strong> dispute su pr\u00f3ximo partido como local a puerta cerrada, el 2 de noviembre contra el <strong>Real Madrid<\/strong> en la cuarta jornada de la <strong>Champions League<\/strong>, por los incidentes de p\u00fablico en el encuentro con el Borussia Dortmund el pasado d\u00eda 14.<\/p>\n<blockquote class=\"twitter-tweet\" data-lang=\"es\">\n<p dir=\"ltr\" lang=\"en\">Introducing the top-scoring <a href=\"https:\/\/twitter.com\/hashtag\/UCLfantasy?src=hash\">#UCLfantasy<\/a> team for matchday two \u26bd\ufe0f<\/p>\n<p>\u27a1\ufe0f <a href=\"https:\/\/t.co\/BYpLp3PgQG\">https:\/\/t.co\/BYpLp3PgQG<\/a> <a href=\"https:\/\/t.co\/VNVXRlqaho\">pic.twitter.com\/VNVXRlqaho<\/a><\/p>\n<p>\u2014 Champions League (@ChampionsLeague) <a href=\"https:\/\/twitter.com\/ChampionsLeague\/status\/781486562072723456\">29 de septiembre de 2016<\/a><\/p><\/blockquote>\n<p><script async src=\"\/\/platform.twitter.com\/widgets.js\" charset=\"utf-8\"><\/script><\/p>\n<p>La <strong>UEFA<\/strong> ha confirmado la decisi\u00f3n de su comisi\u00f3n, despu\u00e9s de abrir un procedimiento disciplinario por los ocurrido en aquel choque, en el que los alemanes ganaron 0-6, y los cargos contra el Legia eran seis: disturbios de p\u00fablico, encendido de bengalas, lanzamiento de objetos, comportamiento racista, organizaci\u00f3n deficiente y bloqueo de escaleras.<\/p>\n<p style=\"text-align: center;\"><strong><span style=\"color: #3366ff;\">LEER M\u00c1S:\u00a0<a style=\"color: #3366ff;\" href=\"https:\/\/www.futboltotal.com.mx\/2016\/09\/los-goleadores-de-la-champions-league\/\">Los goleadores de la Champions League<\/a><\/span><\/strong><\/p>\n<p>La Comisi\u00f3n de Disciplina de la <strong>UEFA<\/strong> ha entendido que el conjunto polaco ha incumplido por estos hechos los art\u00edculos 16, 14 y 38 de su reglamento disciplinario y adem\u00e1s de obligarle a jugar a puerta cerrada su siguiente compromiso en Europa le ha multado tambi\u00e9n con 80.000 euros. EFE<\/p>\n","protected":false},"excerpt":{"rendered":"<p>Legia de Varsovia recibir\u00e1 al Madrid a puerta cerrada<\/p>\n","protected":false},"author":20,"featured_media":432087,"comment_status":"closed","ping_status":"closed","sticky":false,"template":"","format":"standard","meta":[],"categories":[3841,3839,5951],"tags":[97,5988],"_links":{"self":[{"href":"http:\/\/desarrollo.grupomedios.com\/futbol\/wp-json\/wp\/v2\/posts\/432800"}],"collection":[{"href":"http:\/\/desarrollo.grupomedios.com\/futbol\/wp-json\/wp\/v2\/posts"}],"about":[{"href":"http:\/\/desarrollo.grupomedios.com\/futbol\/wp-json\/wp\/v2\/types\/post"}],"author":[{"embeddable":true,"href":"http:\/\/desarrollo.grupomedios.com\/futbol\/wp-json\/wp\/v2\/users\/20"}],"replies":[{"embeddable":true,"href":"http:\/\/desarrollo.grupomedios.com\/futbol\/wp-json\/wp\/v2\/comments?post=432800"}],"version-history":[{"count":0,"href":"http:\/\/desarrollo.grupomedios.com\/futbol\/wp-json\/wp\/v2\/posts\/432800\/revisions"}],"wp:featuredmedia":[{"embeddable":true,"href":"http:\/\/desarrollo.grupomedios.com\/futbol\/wp-json\/wp\/v2\/media\/432087"}],"wp:attachment":[{"href":"http:\/\/desarrollo.grupomedios.com\/futbol\/wp-json\/wp\/v2\/media?parent=432800"}],"wp:term":[{"taxonomy":"category","embeddable":true,"href":"http:\/\/desarrollo.grupomedios.com\/futbol\/wp-json\/wp\/v2\/categories?post=432800"},{"taxonomy":"post_tag","embeddable":true,"href":"http:\/\/desarrollo.grupomedios.com\/futbol\/wp-json\/wp\/v2\/tags?post=432800"}],"curies":[{"name":"wp","href":"https:\/\/api.w.org\/{rel}","templated":true}]}}