{"id":432809,"date":"2016-09-29T10:28:09","date_gmt":"2016-09-29T15:28:09","guid":{"rendered":"https:\/\/www.futboltotal.com.mx\/?p=432809"},"modified":"2016-09-29T10:28:09","modified_gmt":"2016-09-29T15:28:09","slug":"chicharito-recibe-otra-distincion-en-bundesliga","status":"publish","type":"post","link":"http:\/\/desarrollo.grupomedios.com\/futbol\/destacado-home\/chicharito-recibe-otra-distincion-en-bundesliga\/2016\/09","title":{"rendered":"Chicharito recibe otra distinci\u00f3n en Bundesliga"},"content":{"rendered":"<p>El mexicano Javier<strong> Chicharito <\/strong>Hern\u00e1ndez anot\u00f3 en su cuenta personal una distinci\u00f3n m\u00e1s en la Bundesliga. Y es que el primer gol del hat-trick que marc\u00f3 al Mainz el fin de semana pasado fue elegido el mejor de la quinta jornada.<\/p>\n<p>El delantero del Bayer Leverkusen se impuso\u00a0con el 51 por ciento de los votos a Raphael Guerreiro (20%), Alexander Esswein (11%) y Lennart Thy (18%).<\/p>\n<p style=\"text-align: center;\"><a href=\"https:\/\/www.futboltotal.com.mx\/futbol-internacional\/\"><strong><span style=\"color: #3366ff;\">LEER M\u00c1S: Todas las noticias de mexicanos en Europa<\/span><\/strong><\/a><\/p>\n<blockquote class=\"twitter-tweet\" data-lang=\"es\">\n<p dir=\"ltr\" lang=\"es\">\u00a1El \u26bd de <a href=\"https:\/\/twitter.com\/CH14_\">@CH14_<\/a> es el <a href=\"https:\/\/twitter.com\/hashtag\/BLGOTW?src=hash\">#BLGOTW<\/a> de la Fecha 5! \u00a1Arriba esos RT para celebrar otro logro del de <a href=\"https:\/\/twitter.com\/bayer04_es\">@bayer04_es<\/a>! <a href=\"https:\/\/t.co\/VdJY3Oxdo2\">https:\/\/t.co\/VdJY3Oxdo2<\/a> <a href=\"https:\/\/t.co\/XHw78jqEE7\">pic.twitter.com\/XHw78jqEE7<\/a><\/p>\n<p>\u2014 Bundesliga Espa\u00f1ol (@Bundesliga_ES) <a href=\"https:\/\/twitter.com\/Bundesliga_ES\/status\/781421859980079104\">29 de septiembre de 2016<\/a><\/p><\/blockquote>\n<p><script async src=\"\/\/platform.twitter.com\/widgets.js\" charset=\"utf-8\"><\/script><\/p>\n<p>Cabe apuntar que este jueves, Chicharito tambi\u00e9n ser\u00e1 distinguido por la Bundesliga como el mejor jugador del mes de septiembre, toda vez que ha superado en votaciones al polaco Robert Lewandowski (Bayern M\u00fanich), el estadounidense Christian Pulisic y el portugu\u00e9s Raphael Guerreiro (Borussia Dortmund), en una encuesta realizada a trav\u00e9s de redes sociales y en la que votaron miles de aficionado.<\/p>\n<p>De esta forma <strong>Chicharito<\/strong> le puso broche de oro a un productivo mes de septiembre, en el que tambi\u00e9n gan\u00f3 el MVP y apareci\u00f3 en el 11 ideal de la Jornada 5 de la <strong>Bundesliga<\/strong>.<\/p>\n<p>Durante el mes en curso, el delantero <em>azteca<\/em> consigui\u00f3 marcar cuatro goles en el mismo n\u00famero de partidos que disput\u00f3 en la Bundesliga, adem\u00e1s dio una asistencia. Mientras en la Champions League 2016-17 se estren\u00f3 ante el M\u00f3naco con un gol que vali\u00f3 para que alcanzar 100 dianas en el viejo Continente.<\/p>\n","protected":false},"excerpt":{"rendered":"<p>El delantero mexicano marc\u00f3 el mejor gol de la quinta fecha<\/p>\n","protected":false},"author":20,"featured_media":432812,"comment_status":"closed","ping_status":"closed","sticky":false,"template":"","format":"standard","meta":[],"categories":[5,3839,6822,6718],"tags":[4335,120],"_links":{"self":[{"href":"http:\/\/desarrollo.grupomedios.com\/futbol\/wp-json\/wp\/v2\/posts\/432809"}],"collection":[{"href":"http:\/\/desarrollo.grupomedios.com\/futbol\/wp-json\/wp\/v2\/posts"}],"about":[{"href":"http:\/\/desarrollo.grupomedios.com\/futbol\/wp-json\/wp\/v2\/types\/post"}],"author":[{"embeddable":true,"href":"http:\/\/desarrollo.grupomedios.com\/futbol\/wp-json\/wp\/v2\/users\/20"}],"replies":[{"embeddable":true,"href":"http:\/\/desarrollo.grupomedios.com\/futbol\/wp-json\/wp\/v2\/comments?post=432809"}],"version-history":[{"count":0,"href":"http:\/\/desarrollo.grupomedios.com\/futbol\/wp-json\/wp\/v2\/posts\/432809\/revisions"}],"wp:featuredmedia":[{"embeddable":true,"href":"http:\/\/desarrollo.grupomedios.com\/futbol\/wp-json\/wp\/v2\/media\/432812"}],"wp:attachment":[{"href":"http:\/\/desarrollo.grupomedios.com\/futbol\/wp-json\/wp\/v2\/media?parent=432809"}],"wp:term":[{"taxonomy":"category","embeddable":true,"href":"http:\/\/desarrollo.grupomedios.com\/futbol\/wp-json\/wp\/v2\/categories?post=432809"},{"taxonomy":"post_tag","embeddable":true,"href":"http:\/\/desarrollo.grupomedios.com\/futbol\/wp-json\/wp\/v2\/tags?post=432809"}],"curies":[{"name":"wp","href":"https:\/\/api.w.org\/{rel}","templated":true}]}}