{"id":432815,"date":"2016-09-29T11:46:24","date_gmt":"2016-09-29T16:46:24","guid":{"rendered":"https:\/\/www.futboltotal.com.mx\/?p=432815"},"modified":"2016-09-29T14:01:09","modified_gmt":"2016-09-29T19:01:09","slug":"paul-aguilar-seis-meses","status":"publish","type":"post","link":"http:\/\/desarrollo.grupomedios.com\/futbol\/destacado-home\/paul-aguilar-seis-meses\/2016\/09","title":{"rendered":"\u00a1Paul Aguilar, fuera seis meses!"},"content":{"rendered":"<p>El lateral del <strong>Am\u00e9rica<\/strong>, <strong>Paul Aguilar<\/strong>, estar\u00e1 entre cuatro y seis meses de baja tras haber sufrido\u00a0una rotura del ligamento anterior cruzado de la rodilla derecha la noche de este mi\u00e9rcoles en\u00a0el partido ante Veracruz, correspondiente a\u00a0los Octavos de Final de la Copa MX.<\/p>\n<p><strong>Aguilar<\/strong> fue trasladado al hospital tras haber sufrido una molestia en la rodilla derecha durante el primer tiempo, misma que sufri\u00f3 de nueva cuenta en la parte complementaria y le oblig\u00f3 a salir de cambio al minuto 60.<\/p>\n<p style=\"text-align: center;\"><a href=\"https:\/\/www.futboltotal.com.mx\/futbol-mexicano\/\"><strong><span style=\"color: #3366ff;\">LEER M\u00c1S: Todas las noticias de futbol mexicano<\/span><\/strong><\/a><\/p>\n<p>Este mi\u00e9rcoles, despu\u00e9s de ser valorado, se ha confirmado que la lesi\u00f3n <strong>Paul Aguilar\u00a0<\/strong>es m\u00e1s grave de lo que se esperaba. La lesi\u00f3n le obliga a perderse lo que resta del torneo Clausura 2016, la Copa MX, el Mundial de Clubes y el arranque del torneo Apertura 2017.<\/p>\n<p>Sin\u00a0<strong>Aguilar<\/strong>, el entrenador\u00a0del club,\u00a0Ricardo La Volpe,<strong>\u00a0<\/strong>tiene como opciones de recambio a Gil Bur\u00f3n, quien lo supli\u00f3 en el partido, o Ventura Alvarado.<\/p>\n<p>Cabe apuntar que el zaguero tampoco estar\u00e1 disponible para la Selecci\u00f3n Mexicana, por lo que se perder\u00e1 al menos las dos primeras jornadas del arranque del Hexagonal Final de la Concacaf, que inicia el pr\u00f3ximo mes de noviembre.<\/p>\n<p>&nbsp;<\/p>\n<p>&nbsp;<\/p>\n","protected":false},"excerpt":{"rendered":"<p>El lateral de Am\u00e9rica sufre una rotura de ligamentos en la rodilla derecha<\/p>\n","protected":false},"author":20,"featured_media":432819,"comment_status":"closed","ping_status":"closed","sticky":false,"template":"","format":"standard","meta":[],"categories":[5,2198,3845],"tags":[],"_links":{"self":[{"href":"http:\/\/desarrollo.grupomedios.com\/futbol\/wp-json\/wp\/v2\/posts\/432815"}],"collection":[{"href":"http:\/\/desarrollo.grupomedios.com\/futbol\/wp-json\/wp\/v2\/posts"}],"about":[{"href":"http:\/\/desarrollo.grupomedios.com\/futbol\/wp-json\/wp\/v2\/types\/post"}],"author":[{"embeddable":true,"href":"http:\/\/desarrollo.grupomedios.com\/futbol\/wp-json\/wp\/v2\/users\/20"}],"replies":[{"embeddable":true,"href":"http:\/\/desarrollo.grupomedios.com\/futbol\/wp-json\/wp\/v2\/comments?post=432815"}],"version-history":[{"count":0,"href":"http:\/\/desarrollo.grupomedios.com\/futbol\/wp-json\/wp\/v2\/posts\/432815\/revisions"}],"wp:featuredmedia":[{"embeddable":true,"href":"http:\/\/desarrollo.grupomedios.com\/futbol\/wp-json\/wp\/v2\/media\/432819"}],"wp:attachment":[{"href":"http:\/\/desarrollo.grupomedios.com\/futbol\/wp-json\/wp\/v2\/media?parent=432815"}],"wp:term":[{"taxonomy":"category","embeddable":true,"href":"http:\/\/desarrollo.grupomedios.com\/futbol\/wp-json\/wp\/v2\/categories?post=432815"},{"taxonomy":"post_tag","embeddable":true,"href":"http:\/\/desarrollo.grupomedios.com\/futbol\/wp-json\/wp\/v2\/tags?post=432815"}],"curies":[{"name":"wp","href":"https:\/\/api.w.org\/{rel}","templated":true}]}}