{"id":432829,"date":"2016-09-29T15:22:06","date_gmt":"2016-09-29T20:22:06","guid":{"rendered":"https:\/\/www.futboltotal.com.mx\/?p=432829"},"modified":"2016-09-29T15:23:44","modified_gmt":"2016-09-29T20:23:44","slug":"america-sufre-ola-lesiones","status":"publish","type":"post","link":"http:\/\/desarrollo.grupomedios.com\/futbol\/futbol-mexicano\/america-sufre-ola-lesiones\/2016\/09","title":{"rendered":"Am\u00e9rica sufre ola de lesiones"},"content":{"rendered":"<p>En el presente Apertura 2016, <strong>Am\u00e9rica<\/strong> no ha parado de sufrir la baja de jugadores a causa de distintas lesiones. Tanto en la gesti\u00f3n del exentrenador Ignacio Ambriz como con el reci\u00e9n llegado Ricardo Antonio La Volpe, el club ha perdido elementos clave y el \u00faltimo de ellos es el defensa Paul Aguilar, quien se perder\u00e1 lo que resta del torneo,\u00a0la Copa MX y la disputa del pr\u00f3ximo Mundial de Clubes en Jap\u00f3n.<\/p>\n<p>En <strong>Futbol Total<\/strong> hacemos un recuento de los bajas m\u00e1s notables que han sufrido las <em>\u00c1guilas\u00a0<\/em>en su Centenario.<\/p>\n<p style=\"text-align: center;\"><a href=\"https:\/\/www.futboltotal.com.mx\/futbol-mexicano\/\"><span style=\"color: #3366ff;\"><strong>LEER M\u00c1S: Todas las noticias de futbol mexicano<\/strong><\/span><\/a><br \/>\n<script type=\"text\/javascript\" src=\"\/\/cdn.playbuzz.com\/widget\/feed.js\"><\/script><\/p>\n<div class=\"pb_feed\" data-embed-by=\"d43f3879-83ed-40bc-99d7-fde80605466f\" data-game=\"\/futboltotal\/invaden-las-lesiones-al-am-rica\" data-recommend=\"false\" data-game-info=\"false\"><\/div>\n","protected":false},"excerpt":{"rendered":"<p>Paul Aguilar se une a la lista de bajas en el a\u00f1o Centenario <\/p>\n","protected":false},"author":20,"featured_media":432881,"comment_status":"closed","ping_status":"closed","sticky":false,"template":"","format":"standard","meta":[],"categories":[2198,3845,5950],"tags":[5959,6927,216],"_links":{"self":[{"href":"http:\/\/desarrollo.grupomedios.com\/futbol\/wp-json\/wp\/v2\/posts\/432829"}],"collection":[{"href":"http:\/\/desarrollo.grupomedios.com\/futbol\/wp-json\/wp\/v2\/posts"}],"about":[{"href":"http:\/\/desarrollo.grupomedios.com\/futbol\/wp-json\/wp\/v2\/types\/post"}],"author":[{"embeddable":true,"href":"http:\/\/desarrollo.grupomedios.com\/futbol\/wp-json\/wp\/v2\/users\/20"}],"replies":[{"embeddable":true,"href":"http:\/\/desarrollo.grupomedios.com\/futbol\/wp-json\/wp\/v2\/comments?post=432829"}],"version-history":[{"count":0,"href":"http:\/\/desarrollo.grupomedios.com\/futbol\/wp-json\/wp\/v2\/posts\/432829\/revisions"}],"wp:featuredmedia":[{"embeddable":true,"href":"http:\/\/desarrollo.grupomedios.com\/futbol\/wp-json\/wp\/v2\/media\/432881"}],"wp:attachment":[{"href":"http:\/\/desarrollo.grupomedios.com\/futbol\/wp-json\/wp\/v2\/media?parent=432829"}],"wp:term":[{"taxonomy":"category","embeddable":true,"href":"http:\/\/desarrollo.grupomedios.com\/futbol\/wp-json\/wp\/v2\/categories?post=432829"},{"taxonomy":"post_tag","embeddable":true,"href":"http:\/\/desarrollo.grupomedios.com\/futbol\/wp-json\/wp\/v2\/tags?post=432829"}],"curies":[{"name":"wp","href":"https:\/\/api.w.org\/{rel}","templated":true}]}}