{"id":432883,"date":"2016-09-29T14:43:23","date_gmt":"2016-09-29T19:43:23","guid":{"rendered":"https:\/\/www.futboltotal.com.mx\/?p=432883"},"modified":"2016-09-29T15:51:18","modified_gmt":"2016-09-29T20:51:18","slug":"salcedo-participa-en-la-goleada-la-fiorentina","status":"publish","type":"post","link":"http:\/\/desarrollo.grupomedios.com\/futbol\/destacado-home\/salcedo-participa-en-la-goleada-la-fiorentina\/2016\/09","title":{"rendered":"Salcedo participa en goleada de la Fiorentina"},"content":{"rendered":"<p>El mexicano Carlos Salcedo, fue titular en el triunfo de la <strong>Fiorentina<\/strong> por 5-1 al Qarabag de Azerbay\u00e1n en el partido correspondiente al Grupo J de la Europa League.<\/p>\n<blockquote class=\"twitter-tweet\" data-lang=\"es\">\n<p dir=\"ltr\" lang=\"und\">Fiorentina-Qarabag 5-1 (39&#8242;, 47&#8242; Babacar, 42&#8242; Kalinic, 63&#8242;, 78&#8242; Zarate,91&#8242; Ndlovu) Su <a href=\"https:\/\/t.co\/rI7eUxsbJG\">https:\/\/t.co\/rI7eUxsbJG<\/a> tutti i servizi <a href=\"https:\/\/twitter.com\/hashtag\/WeAreFlorence?src=hash\">#WeAreFlorence<\/a> <a href=\"https:\/\/t.co\/45kJTKMy6Q\">pic.twitter.com\/45kJTKMy6Q<\/a><\/p>\n<p>\u2014 ACF Fiorentina (@acffiorentina) <a href=\"https:\/\/twitter.com\/acffiorentina\/status\/781568184247812096\">29 de septiembre de 2016<\/a><\/p><\/blockquote>\n<p><script async src=\"\/\/platform.twitter.com\/widgets.js\" charset=\"utf-8\"><\/script><\/p>\n<p>El defensa azerbaiyano Elvin Yunuszade, fue quien cambi\u00f3 el rumbo del partido cuando al minuto 30 desvi\u00f3 el esf\u00e9rico con la mano en una oportunidad clara de gol, por lo que fue sancionado con expulsi\u00f3n y dej\u00f3 con 10 hombres a su escuadra.<\/p>\n<p>Esta ventaja fue aprovechada por el cuadro <em>viola<\/em>, que, al minuto 39, abri\u00f3 el marcador cuando el senegal\u00e9s Khouma Babacar oportunamente empuj\u00f3 un rebote dentro del \u00e1rea, lo que sorprendi\u00f3 al guardameta bosnio Ibrahim Sehic.<\/p>\n<p style=\"text-align: center;\"><strong><span style=\"color: #3366ff;\">LEER M\u00c1S:\u00a0<a style=\"color: #3366ff;\" href=\"https:\/\/www.futboltotal.com.mx\/2016\/09\/dos-santos-y-fabian-vuelven-al-tri\/\">Los Dos Santos y Fabi\u00e1n vuelven al Tri\u2026 \u00bfY Vela?<\/a><\/span><\/strong><\/p>\n<p>Este solo fue el comienzo de la atareada tarde para el cancerbero, puesto que cuatro minutos m\u00e1s tarde el uruguayo Sebasti\u00e1n Crist\u00f3foro condujo el bal\u00f3n dentro del \u00e1rea y con un pase de taco habilit\u00f3 al croata Nikola Kalinic para marcar el segundo tanto del d\u00eda.<\/p>\n<p>Ya en tiempo agregado del primer lapso, a punto de ir al descanso, Babacar repiti\u00f3 la satisfacci\u00f3n gracias a un centro de Kalinic, quie vio a su compa\u00f1ero entrar al remolque por el centro del \u00e1rea y toc\u00f3 el bal\u00f3n de tal forma que solo debi\u00f3 empujarlo contra la red.<\/p>\n<p>Para la segunda mitad, el argentino Mauro Z\u00e1rate entr\u00f3 como suplente. Este movimiento sell\u00f3 la victoria ya que el sudamericano fue autor de las siguientes dos anotaciones de su equipo al minuto 63 y al 78, \u00e9ste con un disparo a bal\u00f3n parado.<\/p>\n<p>En tiempo agregado y con el partido dominado, los defensores de <strong>Fiorentina<\/strong> se relajaron, lo que aprovech\u00f3 el sudafricano Dino Ndlovu para anotar el \u00fanico gol de su bando, lo que molest\u00f3 al t\u00e9cnico portugu\u00e9s Paulo Sousa.<\/p>\n<p style=\"text-align: center;\"><strong><span style=\"color: #3366ff;\">LEER M\u00c1S:\u00a0<a style=\"color: #3366ff;\" href=\"https:\/\/www.futboltotal.com.mx\/2016\/09\/anuncian-convocatoria-mexico-amistosos\/\">Anuncian convocatoria de M\u00e9xico para amistosos<\/a><\/span><\/strong><\/p>\n<p><iframe loading=\"lazy\" src=\"https:\/\/www.youtube.com\/embed\/-1qmWecCJtI?feature=oembed\" frameborder=\"0\" allowfullscreen><\/iframe><\/p>\n<p>Esta victoria fue la primera para <strong>Fiorentina<\/strong> y se sum\u00f3 a un empate conseguido previamente. El triunfo los mantiene como l\u00edderes de su grupo, en empate con el club griego PAOK, que derrot\u00f3 2-1 al checo Slovan Liberec.<\/p>\n","protected":false},"excerpt":{"rendered":"<p>El mexicano jug\u00f3 todo el partido<\/p>\n","protected":false},"author":20,"featured_media":432889,"comment_status":"closed","ping_status":"closed","sticky":false,"template":"","format":"standard","meta":[],"categories":[5,3857,3839,6718],"tags":[5531,1053],"_links":{"self":[{"href":"http:\/\/desarrollo.grupomedios.com\/futbol\/wp-json\/wp\/v2\/posts\/432883"}],"collection":[{"href":"http:\/\/desarrollo.grupomedios.com\/futbol\/wp-json\/wp\/v2\/posts"}],"about":[{"href":"http:\/\/desarrollo.grupomedios.com\/futbol\/wp-json\/wp\/v2\/types\/post"}],"author":[{"embeddable":true,"href":"http:\/\/desarrollo.grupomedios.com\/futbol\/wp-json\/wp\/v2\/users\/20"}],"replies":[{"embeddable":true,"href":"http:\/\/desarrollo.grupomedios.com\/futbol\/wp-json\/wp\/v2\/comments?post=432883"}],"version-history":[{"count":0,"href":"http:\/\/desarrollo.grupomedios.com\/futbol\/wp-json\/wp\/v2\/posts\/432883\/revisions"}],"wp:featuredmedia":[{"embeddable":true,"href":"http:\/\/desarrollo.grupomedios.com\/futbol\/wp-json\/wp\/v2\/media\/432889"}],"wp:attachment":[{"href":"http:\/\/desarrollo.grupomedios.com\/futbol\/wp-json\/wp\/v2\/media?parent=432883"}],"wp:term":[{"taxonomy":"category","embeddable":true,"href":"http:\/\/desarrollo.grupomedios.com\/futbol\/wp-json\/wp\/v2\/categories?post=432883"},{"taxonomy":"post_tag","embeddable":true,"href":"http:\/\/desarrollo.grupomedios.com\/futbol\/wp-json\/wp\/v2\/tags?post=432883"}],"curies":[{"name":"wp","href":"https:\/\/api.w.org\/{rel}","templated":true}]}}