{"id":432886,"date":"2016-09-29T15:38:51","date_gmt":"2016-09-29T20:38:51","guid":{"rendered":"https:\/\/www.futboltotal.com.mx\/?p=432886"},"modified":"2016-09-29T15:38:51","modified_gmt":"2016-09-29T20:38:51","slug":"la-radiografia-del-fan-deportivo","status":"publish","type":"post","link":"http:\/\/desarrollo.grupomedios.com\/futbol\/cambio-de-juego\/la-radiografia-del-fan-deportivo\/2016\/09","title":{"rendered":"La radiograf\u00eda del fan deportivo"},"content":{"rendered":"<p><strong>Fox Media<\/strong>, present\u00f3 en M\u00e9xico el proyecto <strong>Radiograf\u00eda del fan deportivo<\/strong>, que se usar\u00e1 para medir las reacciones de las personas amantes de los deportes, en uno de los estudios con mejor innovaci\u00f3n que se han visto en el pa\u00eds, y que permite facilitar, el conocimiento de los gustos entre la afici\u00f3n.<\/p>\n<p>El proyecto de <strong>Fox Media<\/strong>, da la posibilidad de evaluar las reacciones de los fan\u00e1ticos de deportes, ante est\u00edmulos, ya sea frenta a contenidos editoriales, como en publicidad; por ello, la <strong>Radiograf\u00eda del fan deportivo<\/strong>, facilita el conocimiento del comportamiento de la audiencia ante la informaci\u00f3n sobre el acontecer de distintas disciplinas.<\/p>\n<p>Daniela Novick, directora de audiencia y consumo de Fox en Latinoam\u00e9rica, present\u00f3 el proyecto con entusiasmo, pues ve el uso de la herramienta como \u201cpionero en la regi\u00f3n\u201d.<\/p>\n<p style=\"text-align: center;\"><span style=\"color: #3366ff;\"><a style=\"color: #3366ff;\" href=\"https:\/\/www.futboltotal.com.mx\/2016\/09\/santos-permite-futbolista-profesional-tres-dias\/\" target=\"_blank\"><strong>LEER M\u00c1S: Santos tendr\u00e1 reality show<\/strong><\/a><\/span><\/p>\n<p>El estudio fue desarrollado por <em>Neurensics<\/em>, consultora holandesa dedicada a la neurociencia cognitiva, quien, mediante el uso de resonadores magn\u00e9ticos, hace un seguimiento de las emociones inconscientes de las personas.<\/p>\n","protected":false},"excerpt":{"rendered":"<p>Fox Media presenta estudio para medir emociones<\/p>\n","protected":false},"author":20,"featured_media":432887,"comment_status":"closed","ping_status":"closed","sticky":false,"template":"","format":"standard","meta":[],"categories":[5419],"tags":[1490],"_links":{"self":[{"href":"http:\/\/desarrollo.grupomedios.com\/futbol\/wp-json\/wp\/v2\/posts\/432886"}],"collection":[{"href":"http:\/\/desarrollo.grupomedios.com\/futbol\/wp-json\/wp\/v2\/posts"}],"about":[{"href":"http:\/\/desarrollo.grupomedios.com\/futbol\/wp-json\/wp\/v2\/types\/post"}],"author":[{"embeddable":true,"href":"http:\/\/desarrollo.grupomedios.com\/futbol\/wp-json\/wp\/v2\/users\/20"}],"replies":[{"embeddable":true,"href":"http:\/\/desarrollo.grupomedios.com\/futbol\/wp-json\/wp\/v2\/comments?post=432886"}],"version-history":[{"count":0,"href":"http:\/\/desarrollo.grupomedios.com\/futbol\/wp-json\/wp\/v2\/posts\/432886\/revisions"}],"wp:featuredmedia":[{"embeddable":true,"href":"http:\/\/desarrollo.grupomedios.com\/futbol\/wp-json\/wp\/v2\/media\/432887"}],"wp:attachment":[{"href":"http:\/\/desarrollo.grupomedios.com\/futbol\/wp-json\/wp\/v2\/media?parent=432886"}],"wp:term":[{"taxonomy":"category","embeddable":true,"href":"http:\/\/desarrollo.grupomedios.com\/futbol\/wp-json\/wp\/v2\/categories?post=432886"},{"taxonomy":"post_tag","embeddable":true,"href":"http:\/\/desarrollo.grupomedios.com\/futbol\/wp-json\/wp\/v2\/tags?post=432886"}],"curies":[{"name":"wp","href":"https:\/\/api.w.org\/{rel}","templated":true}]}}