{"id":432891,"date":"2016-09-29T16:08:37","date_gmt":"2016-09-29T21:08:37","guid":{"rendered":"https:\/\/www.futboltotal.com.mx\/?p=432891"},"modified":"2016-09-29T16:08:37","modified_gmt":"2016-09-29T21:08:37","slug":"darwin-quintero-regresa-a-entrenar-america","status":"publish","type":"post","link":"http:\/\/desarrollo.grupomedios.com\/futbol\/futbol-mexicano\/darwin-quintero-regresa-a-entrenar-america\/2016\/09","title":{"rendered":"Darwin Quintero regresa a entrenar con Am\u00e9rica"},"content":{"rendered":"<p>Al parecer no todas son malas noticias para <span style=\"color: #ff0000;\"><a style=\"color: #ff0000;\" href=\"http:\/\/futboltotal.com.mx\/equipos\/america\/\">Am\u00e9rica<\/a><\/span>, pues tras conocerse la <span style=\"color: #ff0000;\"><a style=\"color: #ff0000;\" href=\"https:\/\/www.futboltotal.com.mx\/2016\/09\/paul-aguilar-seis-meses\/\" target=\"_blank\">lesi\u00f3n de Paul Aguilar<\/a><\/span>, las\u00a0<em>\u00c1guilas\u00a0<\/em>tambi\u00e9n vieron c\u00f3mo <strong>Darwin Quintero<\/strong> se va recuperando de la tromboflebitis que sufri\u00f3 y lo dej\u00f3 fuera de las canchas.<\/p>\n<p>El delantero ecuatoriano de los azulcremas, se entren\u00f3 este jueves con el bal\u00f3n y se le vio realizando algunos movimientos en el campo, aunque fue en un entrenamiento separado del equipo.<\/p>\n<blockquote class=\"twitter-video\" data-lang=\"es\">\n<p dir=\"ltr\" lang=\"es\">.<a href=\"https:\/\/twitter.com\/darwinJR3\">@darwinJR3<\/a> ya realiza ligero trabajo en cancha <a href=\"https:\/\/twitter.com\/hashtag\/VamosAm%C3%A9rica?src=hash\">#VamosAm\u00e9rica<\/a> <a href=\"https:\/\/t.co\/ujTDhWTJwW\">pic.twitter.com\/ujTDhWTJwW<\/a><\/p>\n<p>\u2014 Club Am\u00e9rica (@ClubAmerica) <a href=\"https:\/\/twitter.com\/ClubAmerica\/status\/781532331139997696\">29 de septiembre de 2016<\/a><\/p><\/blockquote>\n<p><script async src=\"\/\/platform.twitter.com\/widgets.js\" charset=\"utf-8\"><\/script><\/p>\n<p>Am\u00e9rica espera contar con <strong>Darwin<\/strong> a finales de este mes de octubre para que pueda jugar la recta final del torneo de Apertura 2016 y en caso de que el Am\u00e9rica se clasifique, tambi\u00e9n para la liguilla.<\/p>\n<p style=\"text-align: center;\"><strong><span style=\"color: #3366ff;\">LEER M\u00c1S:\u00a0<a style=\"color: #3366ff;\" href=\"https:\/\/www.futboltotal.com.mx\/2016\/09\/anuncian-convocatoria-mexico-amistosos\/\">Anuncian convocatoria de M\u00e9xico para amistosos<\/a><\/span><\/strong><\/p>\n<p>La salud de <strong>Darwin Quintero<\/strong> se puso en peligro el pasado 3 de septiembre cuando se confirm\u00f3 que el delantero ten\u00eda un co\u00e1gulo en el muslo derecho, el cual le alej\u00f3 de las canchas por ya casi un mes.<\/p>\n<p>&nbsp;<\/p>\n","protected":false},"excerpt":{"rendered":"<p>Quintero regres\u00f3 tras un mes sin entrenar<\/p>\n","protected":false},"author":20,"featured_media":428691,"comment_status":"closed","ping_status":"closed","sticky":false,"template":"","format":"standard","meta":[],"categories":[2198,3845,5950],"tags":[5959,284],"_links":{"self":[{"href":"http:\/\/desarrollo.grupomedios.com\/futbol\/wp-json\/wp\/v2\/posts\/432891"}],"collection":[{"href":"http:\/\/desarrollo.grupomedios.com\/futbol\/wp-json\/wp\/v2\/posts"}],"about":[{"href":"http:\/\/desarrollo.grupomedios.com\/futbol\/wp-json\/wp\/v2\/types\/post"}],"author":[{"embeddable":true,"href":"http:\/\/desarrollo.grupomedios.com\/futbol\/wp-json\/wp\/v2\/users\/20"}],"replies":[{"embeddable":true,"href":"http:\/\/desarrollo.grupomedios.com\/futbol\/wp-json\/wp\/v2\/comments?post=432891"}],"version-history":[{"count":0,"href":"http:\/\/desarrollo.grupomedios.com\/futbol\/wp-json\/wp\/v2\/posts\/432891\/revisions"}],"wp:featuredmedia":[{"embeddable":true,"href":"http:\/\/desarrollo.grupomedios.com\/futbol\/wp-json\/wp\/v2\/media\/428691"}],"wp:attachment":[{"href":"http:\/\/desarrollo.grupomedios.com\/futbol\/wp-json\/wp\/v2\/media?parent=432891"}],"wp:term":[{"taxonomy":"category","embeddable":true,"href":"http:\/\/desarrollo.grupomedios.com\/futbol\/wp-json\/wp\/v2\/categories?post=432891"},{"taxonomy":"post_tag","embeddable":true,"href":"http:\/\/desarrollo.grupomedios.com\/futbol\/wp-json\/wp\/v2\/tags?post=432891"}],"curies":[{"name":"wp","href":"https:\/\/api.w.org\/{rel}","templated":true}]}}