{"id":432979,"date":"2016-09-30T10:11:29","date_gmt":"2016-09-30T15:11:29","guid":{"rendered":"https:\/\/www.futboltotal.com.mx\/?p=432979"},"modified":"2016-09-30T10:11:29","modified_gmt":"2016-09-30T15:11:29","slug":"amabilidad-billy-alvarez-causa-problemas-del-cruz-azul","status":"publish","type":"post","link":"http:\/\/desarrollo.grupomedios.com\/futbol\/destacado-home\/amabilidad-billy-alvarez-causa-problemas-del-cruz-azul\/2016\/09","title":{"rendered":"Amabilidad de Billy \u00c1lvarez, \u00bfcausa problemas del Cruz Azul?"},"content":{"rendered":"<p><a href=\"http:\/\/futboltotal.com.mx\/equipos\/cruz-azul\/\" target=\"_blank\"><strong>Cruz Azul<\/strong><\/a> va que vuela para confirmar su quinto torneo sin acceder a Liguilla, situaci\u00f3n que provoca la molestia de la afici\u00f3n, sin embargo, la pregunta surge \u00bfqui\u00e9n es el culpable? La respuesta ser\u00eda el presidente <strong>Guillermo \u00c1lvarez<\/strong> y su \u201camabilidad\u201d.<\/p>\n<p>&#8220;Quiz\u00e1, en lo que nos hemos, o me he equivocado en muchos aspectos es que todo mundo cree que hay que ser siempre un rega\u00f1\u00f3n, andar con el rostro que cree temor. He sido amable, buscando que los jugadores tengan todo lo necesario&#8221;, consider\u00f3 el dirigente en entrevista con <em>MVS<\/em>.<\/p>\n<blockquote class=\"twitter-tweet\" data-lang=\"es\">\n<p dir=\"ltr\" lang=\"es\">Gracias por acompa\u00f1arnos en la mejor zona <a href=\"https:\/\/twitter.com\/hashtag\/ZonaAzulTDN?src=hash\">#ZonaAzulTDN<\/a> \u00a1Nos vemos el pr\u00f3ximo jueves! <a href=\"https:\/\/twitter.com\/tdn_twit\">@tdn_twit<\/a> <a href=\"https:\/\/twitter.com\/hashtag\/AzulEsTodo?src=hash\">#AzulEsTodo<\/a> <a href=\"https:\/\/t.co\/KPeG9XsTrT\">pic.twitter.com\/KPeG9XsTrT<\/a><\/p>\n<p>\u2014 CRUZ AZUL FC \u00ae (@Cruz_Azul_FC) <a href=\"https:\/\/twitter.com\/Cruz_Azul_FC\/status\/781705089090252800\">30 de septiembre de 2016<\/a><\/p><\/blockquote>\n<p><script async src=\"\/\/platform.twitter.com\/widgets.js\" charset=\"utf-8\"><\/script><\/p>\n<p>En los \u00faltimos a\u00f1os, la M\u00e1quina se hizo acreedora de la burla de \u201ccruzazulear\u201d, situaci\u00f3n que no averg\u00fcenza en la Noria, donde destacaron que eso sali\u00f3 a partir de lo lejos que lleg\u00f3 el club.<\/p>\n<p>&#8220;Hay clubes que nunca han llegado a una Final, Holanda ha perdido tres finales mundiales, M\u00e9xico perdi\u00f3 contra Alemania en Francia 98 cuando ya se ten\u00eda el partido ganado, en esos casos que t\u00e9rminos se le pone, no podemos decir ah\u00ed &#8216;cruzazulear'&#8221;, concluy\u00f3.<\/p>\n<p><span style=\"color: #ff0000;\"><strong>VIDEO<\/strong>: agenda de TV de la jornada 12<\/span><\/p>\n<p>[video_player]https:\/\/player.vimeo.com\/external\/184556103.sd.mp4?s=4a84f291c255f20c52bbfcb10efdb60ed1861c53&amp;profile_id=165[\/video_player]<\/p>\n","protected":false},"excerpt":{"rendered":"<p>El presidente se\u00f1al\u00f3 que su car\u00e1cter puede ser contraproducente<\/p>\n","protected":false},"author":20,"featured_media":432980,"comment_status":"closed","ping_status":"closed","sticky":false,"template":"","format":"standard","meta":[],"categories":[5,2198,3845],"tags":[5962],"_links":{"self":[{"href":"http:\/\/desarrollo.grupomedios.com\/futbol\/wp-json\/wp\/v2\/posts\/432979"}],"collection":[{"href":"http:\/\/desarrollo.grupomedios.com\/futbol\/wp-json\/wp\/v2\/posts"}],"about":[{"href":"http:\/\/desarrollo.grupomedios.com\/futbol\/wp-json\/wp\/v2\/types\/post"}],"author":[{"embeddable":true,"href":"http:\/\/desarrollo.grupomedios.com\/futbol\/wp-json\/wp\/v2\/users\/20"}],"replies":[{"embeddable":true,"href":"http:\/\/desarrollo.grupomedios.com\/futbol\/wp-json\/wp\/v2\/comments?post=432979"}],"version-history":[{"count":0,"href":"http:\/\/desarrollo.grupomedios.com\/futbol\/wp-json\/wp\/v2\/posts\/432979\/revisions"}],"wp:featuredmedia":[{"embeddable":true,"href":"http:\/\/desarrollo.grupomedios.com\/futbol\/wp-json\/wp\/v2\/media\/432980"}],"wp:attachment":[{"href":"http:\/\/desarrollo.grupomedios.com\/futbol\/wp-json\/wp\/v2\/media?parent=432979"}],"wp:term":[{"taxonomy":"category","embeddable":true,"href":"http:\/\/desarrollo.grupomedios.com\/futbol\/wp-json\/wp\/v2\/categories?post=432979"},{"taxonomy":"post_tag","embeddable":true,"href":"http:\/\/desarrollo.grupomedios.com\/futbol\/wp-json\/wp\/v2\/tags?post=432979"}],"curies":[{"name":"wp","href":"https:\/\/api.w.org\/{rel}","templated":true}]}}